{"id":8359,"date":"2021-04-22T10:17:15","date_gmt":"2021-04-22T14:17:15","guid":{"rendered":"https:\/\/www.eckler.ca\/budget-federal-2021-le-gouvernement-trace-la-voie-de-la-relance\/"},"modified":"2021-05-10T09:40:11","modified_gmt":"2021-05-10T13:40:11","slug":"budget-federal-2021-le-gouvernement-trace-la-voie-de-la-relance","status":"publish","type":"post","link":"https:\/\/www.eckler.ca\/fr\/budget-federal-2021-le-gouvernement-trace-la-voie-de-la-relance\/","title":{"rendered":"Budget f\u00e9d\u00e9ral 2021 : Le gouvernement trace la voie de la relance"},"content":{"rendered":"<div class=\"wpb-content-wrapper\"><p>[vc_row][vc_column][basic_container container_size=&#8221;container container-narrow&#8221;][vc_column_text]<span style=\"color: #00425b;\"><em><strong>Communiqu\u00e9 sp\u00e9cial <\/strong><\/em><strong>&#8211; 22 avril 2021<\/strong><\/span><\/p>\n<p>Le <a href=\"https:\/\/www.budget.gc.ca\/2021\/home-accueil-fr.html\" target=\"_blank\" rel=\"noopener\">budget f\u00e9d\u00e9ral de 2021<\/a>, intitul\u00e9 <em>Une relance ax\u00e9e sur les emplois, la croissance et la r\u00e9silience<\/em> (le budget de 2021), a \u00e9t\u00e9 d\u00e9pos\u00e9 par la ministre des Finances, Chrystia Freeland, le 19\u00a0avril\u00a02021. En raison de la pand\u00e9mie de COVID-19, le budget de 2021 est le premier budget complet du gouvernement depuis <a href=\"https:\/\/www.eckler.ca\/fr\/budget-federal-de-2019-des-investissements-pour-toutes-les-generations\/\" target=\"_blank\" rel=\"noopener\">2019<\/a>.<\/p>\n<p>Le budget de 2021 met l\u2019accent sur les mesures d\u2019aide visant \u00e0 g\u00e9rer les r\u00e9percussions financi\u00e8res et sanitaires de la pand\u00e9mie et \u00e0 stimuler l\u2019\u00e9conomie. Ces mesures comprennent des investissements dans les soins de sant\u00e9, la cr\u00e9ation d\u2019emplois, la garde d\u2019enfants, l\u2019assurance-emploi et les prestations d\u2019invalidit\u00e9. Le budget propose aussi des mesures relatives aux rentes de retraite et aux prestations pouvant int\u00e9resser les promoteurs de r\u00e9gime et les participants. Ce <em>communiqu\u00e9 sp\u00e9cial<\/em> contient un aper\u00e7u des principales mesures pouvant avoir des r\u00e9percussions \u00e9ventuelles sur les r\u00e9gimes de retraite et d\u2019avantages sociaux.<\/p>\n<h2><strong>R\u00e9gimes de retraite et mesures de s\u00e9curit\u00e9 du revenu pour les Canadiens<\/strong><\/h2>\n<p>Le budget de 2021 propose des mesures pour les personnes \u00e2g\u00e9es admissibles \u00e0 la prestation de la S\u00e9curit\u00e9 de la vieillesse (SV), corrige les dispositions de la <em>Loi de l\u2019imp\u00f4t sur le revenu<\/em> relatives aux erreurs de cotisation dans les r\u00e9gimes de retraite \u00e0 cotisations d\u00e9termin\u00e9es (CD) et confirme les prochaines \u00e9tapes relatives \u00e0 la cr\u00e9ation d\u2019un cadre pour les r\u00e9gimes de retraite \u00e0 cotisations n\u00e9goci\u00e9es sous r\u00e9glementation f\u00e9d\u00e9rale.<\/p>\n<p>Le budget ne contient pas d\u2019informations suppl\u00e9mentaires relatives aux dispositions d\u2019all\u00e8gement temporaire de la solvabilit\u00e9 ou \u00e0 un examen du cadre de financement plus large des r\u00e9gimes de retraite sous r\u00e9glementation f\u00e9d\u00e9rale, ni aux dispositions relatives aux rentes viag\u00e8res \u00e0 paiements variables, des sujets trait\u00e9s par le minist\u00e8re des Finances dans un document de consultation publi\u00e9 \u00e0 la fin de 2020.<\/p>\n<h3><strong>Bonifier la S\u00e9curit\u00e9 de la vieillesse pour les Canadiens \u00e2g\u00e9s de 75\u00a0ans ou plus<\/strong><\/h3>\n<p>Dans le budget de 2021, le gouvernement s\u2019engage \u00e0 augmenter les prestations de la S\u00e9curit\u00e9 de la vieillesse (SV) pour les personnes \u00e2g\u00e9es de 75\u00a0ans ou plus en versant un paiement unique de 500\u00a0$ en ao\u00fbt\u00a02021 aux pensionn\u00e9s de la SV qui auront 75\u00a0ans ou plus \u00e0 compter de juin\u00a02022. Il propose \u00e9galement d\u2019autres mesures l\u00e9gislatives visant \u00e0 augmenter de 10\u00a0% les paiements r\u00e9guliers au titre de la SV pour les pensionn\u00e9s de 75\u00a0ans ou plus, de fa\u00e7on continue \u00e0 compter de juillet\u00a02022.<\/p>\n<blockquote>\n<p><strong><span style=\"color: #d10055;\">R\u00e9percussions :\u00a0<\/span><\/strong>Ces mesures augmenteraient les prestations de la SV pour environ 3,3\u00a0millions d\u2019a\u00een\u00e9s et fourniraient des prestations suppl\u00e9mentaires pouvant atteindre 766\u00a0$ aux pensionn\u00e9s admissibles la premi\u00e8re ann\u00e9e; l\u2019augmentation serait index\u00e9e en fonction de l\u2019inflation par la suite.<\/p>\n<\/blockquote>\n<h3><strong>Corriger les erreurs reli\u00e9es aux cotisations \u00e0 des r\u00e9gimes de retraite \u00e0 cotisations d\u00e9termin\u00e9es<\/strong><\/h3>\n<p>Le budget de 2021 propose d\u2019offrir une plus grande souplesse aux administrateurs de r\u00e9gimes de retraite \u00e0 cotisations d\u00e9termin\u00e9es (CD) afin de corriger les erreurs reli\u00e9es \u00e0 la sous-contribution ou aux cotisations exc\u00e9dentaires potentielles \u00e0 ces r\u00e9gimes.<\/p>\n<p>Dans sa forme actuelle, la <em>Loi de l\u2019imp\u00f4t sur le revenu<\/em> ne permet pas aux administrateurs de r\u00e9gimes de retraite \u00e0 CD d\u2019accepter des cotisations r\u00e9troactives dans des comptes d\u2019employ\u00e9s afin de corriger une sous-contribution pour des ann\u00e9es d\u2019imposition ant\u00e9rieures. Les modifications propos\u00e9es permettraient aux participants et aux administrateurs de r\u00e9gimes de corriger les erreurs de cotisation au moyen de cotisations suppl\u00e9mentaires \u00e0 un compte d\u2019employ\u00e9 en vertu d\u2019un r\u00e9gime de retraite \u00e0 CD pour compenser une erreur reli\u00e9e \u00e0 une sous-contribution commise au cours de l\u2019une des cinq\u00a0ann\u00e9es ant\u00e9rieures, assujettie \u00e0 un plafond.<\/p>\n<p>Le budget propose \u00e9galement des modifications permettant aux administrateurs de r\u00e9gimes de corriger les erreurs reli\u00e9es aux cotisations exc\u00e9dentaires relativement \u00e0 un employ\u00e9 pour l\u2019une des cinq ann\u00e9es pr\u00e9c\u00e9dant l\u2019ann\u00e9e dans laquelle le montant exc\u00e9dentaire est rembours\u00e9 \u00e0 l\u2019employ\u00e9 ou \u00e0 l\u2019employeur, selon le cas, qui a vers\u00e9 la cotisation.<\/p>\n<p>Actuellement, les corrections li\u00e9es aux cotisations exc\u00e9dentaires et aux sous-contributions exigent que les employeurs produisent des feuillets\u00a0T4 modifi\u00e9s pour les ann\u00e9es ant\u00e9rieures. Les modifications propos\u00e9es simplifieront les exigences en mati\u00e8re de d\u00e9claration en introduisant un formulaire prescrit pour les administrateurs de r\u00e9gimes. Les mesures s\u2019appliqueraient aux cotisations suppl\u00e9mentaires vers\u00e9es et aux montants des cotisations exc\u00e9dentaires rembours\u00e9es au cours des ann\u00e9es d\u2019imposition 2021 et suivantes.<\/p>\n<blockquote>\n<p><strong><span style=\"color: #d10055;\">R\u00e9percussions : <\/span><\/strong>Les mesures propos\u00e9es sont favorables; elles simplifieraient le processus de correction des erreurs de cotisation, tant pour les administrateurs de r\u00e9gimes que pour les participants. Les participants doivent savoir que les cotisations suppl\u00e9mentaires visant \u00e0 corriger la sous-contribution pourraient r\u00e9duire les droits de cotisation \u00e0 un r\u00e9gime enregistr\u00e9 d\u2019\u00e9pargne-retraite (REER) pour l\u2019ann\u00e9e d\u2019imposition suivant l\u2019ann\u00e9e au cours de laquelle la cotisation r\u00e9troactive est vers\u00e9e. La r\u00e9duction des droits de cotisation \u00e0 un REER pourrait \u00e9ventuellement entra\u00eener des droits de cotisation n\u00e9gatifs \u00e0 un REER. Toutefois, cela n\u2019aurait d\u2019incidence que sur les cotisations de l\u2019employ\u00e9 \u00e0 son REER pour les ann\u00e9es \u00e0 venir et ne n\u00e9cessiterait pas de r\u00e9\u00e9valuation des d\u00e9ductions REER demand\u00e9es dans les d\u00e9clarations de revenus des ann\u00e9es pr\u00e9c\u00e9dentes. De m\u00eame, les remboursements de cotisations exc\u00e9dentaires r\u00e9tablissent g\u00e9n\u00e9ralement les droits de cotisation \u00e0 un REER pour l\u2019ann\u00e9e d\u2019imposition au cours de laquelle le remboursement est effectu\u00e9.<\/p>\n<\/blockquote>\n<h3><strong>Cadre r\u00e9vis\u00e9 pour les r\u00e9gimes de retraite \u00e0 cotisations n\u00e9goci\u00e9es<\/strong><\/h3>\n<p>Le budget propose d\u2019introduire des modifications longtemps attendues \u00e0 la <em>Loi de 1985 sur les normes de prestation de pension<\/em> afin d\u2019\u00e9tablir un cadre r\u00e9vis\u00e9 pour les r\u00e9gimes de retraite interentreprises \u00e0 cotisations n\u00e9goci\u00e9es. Le gouvernement a promis de mettre en place des mesures pour renforcer la gouvernance de ce type de r\u00e9gime, sa transparence ainsi que la durabilit\u00e9 des prestations.<\/p>\n<blockquote>\n<p><strong><span style=\"color: #d10055;\">R\u00e9percussions :\u00a0<\/span><\/strong>Les administrateurs de r\u00e9gimes et les parties prenantes esp\u00e9raient voir venir les modifications promises visant \u00e0 r\u00e9viser le cadre des r\u00e9gimes de retraite interentreprises \u00e0 cotisations n\u00e9goci\u00e9es sous r\u00e9glementation f\u00e9d\u00e9rale [des r\u00e9gimes de retraite interentreprises qui comportent une disposition \u00e0 prestations d\u00e9termin\u00e9es et dans lesquels les cotisations des employeurs participants sont fix\u00e9es par une convention collective, une loi ou un r\u00e8glement]. On s\u2019attend \u00e0 ce que les modifications suppriment les exigences de capitalisation de solvabilit\u00e9 pour ces r\u00e9gimes, ce qui est similaire \u00e0 la tendance des modifications des exigences de capitalisation applicables aux r\u00e9gimes de retraite interentreprises dans la plupart des provinces. Il semble que le cadre r\u00e9vis\u00e9 apportera \u00e9galement des modifications aux exigences en mati\u00e8re de gouvernance des r\u00e9gimes et de communication avec les participants pour ces r\u00e9gimes. De plus amples d\u00e9tails devraient \u00eatre fournis dans les modifications propos\u00e9es \u00e0 la Loi de 1985 sur les normes de prestation de pension et \u00e0 ses r\u00e8glements.<\/p>\n<\/blockquote>\n<h3><strong>Modernisation du r\u00e9gime f\u00e9d\u00e9ral des actifs non r\u00e9clam\u00e9s<\/strong><\/h3>\n<p>S\u2019appuyant sur les propositions du budget f\u00e9d\u00e9ral de 2019 visant \u00e0 \u00e9largir la port\u00e9e du cadre des actifs non r\u00e9clam\u00e9s pour inclure les soldes non r\u00e9clam\u00e9s de r\u00e9gimes de pensions sous r\u00e9glementation f\u00e9d\u00e9rale qui ont cess\u00e9 leurs activit\u00e9s, le budget de 2021 propose d\u2019autres changements pour moderniser le r\u00e9gime f\u00e9d\u00e9ral des actifs non r\u00e9clam\u00e9s en augmentant la quantit\u00e9 de renseignements disponibles et en utilisant la communication \u00e9lectronique afin de faire le lien entre les Canadiens et leurs actifs non r\u00e9clam\u00e9s. Le budget de 2021 propose \u00e9galement d\u2019\u00e9largir la port\u00e9e du r\u00e9gime afin d\u2019inclure les soldes non r\u00e9clam\u00e9s des r\u00e9gimes de pensions sous r\u00e9glementation f\u00e9d\u00e9rale qui ont cess\u00e9 leurs activit\u00e9s en proposant des modifications \u00e0 la <em>Loi de 1985 sur les normes de prestation de pension<\/em>.<\/p>\n<blockquote>\n<p><strong><span style=\"color: #d10055;\">R\u00e9percussions : <\/span><\/strong>Les changements offrent, aux administrateurs et aux participants des r\u00e9gimes, des outils suppl\u00e9mentaires qui permettront de proc\u00e9der \u00e0 la fermeture administrative des r\u00e9gimes de pensions sous r\u00e9glementation f\u00e9d\u00e9rale qui sont incapables de localiser certains participants. Ces mesures permettront aux administrateurs de r\u00e9gimes de b\u00e9n\u00e9ficier d\u2019un all\u00e8gement suppl\u00e9mentaire de la charge administrative que repr\u00e9sentent la recherche des participants et la d\u00e9termination du traitement des actifs non r\u00e9clam\u00e9s. Ces mesures n\u2019abordent pas le d\u00e9fi croissant que repr\u00e9sente la localisation des participants dont l\u2019emploi a pris fin alors qu\u2019ils cotisaient \u00e0 des r\u00e9gimes, ni celle des participants dont on ne retrouve pas la trace alors qu\u2019ils cotisaient \u00e0 des r\u00e9gimes de retraite ne relevant pas de la comp\u00e9tence f\u00e9d\u00e9rale.<\/p>\n<\/blockquote>\n<h1><strong>Prestations et soins de sant\u00e9<\/strong><\/h1>\n<p>Le budget de 2021 refl\u00e8te l\u2019orientation de nombreux budgets provinciaux r\u00e9cents, en ce qu\u2019il met l\u2019accent sur les mesures en mati\u00e8re de sant\u00e9 et de prestations qui sont cens\u00e9es venir en aide aux Canadiens touch\u00e9s par la pand\u00e9mie de COVID-19 actuelle. Les mesures int\u00e9ressantes incluent les progr\u00e8s vers une strat\u00e9gie nationale d\u2019assurance-m\u00e9dicaments, des mesures pour combattre la crise des opio\u00efdes et celle de la sant\u00e9 mentale, et un soutien aux travailleurs canadiens par l\u2019entremise de mesures touchant la bonification des prestations d\u2019assurance-emploi (AE) et d\u2019invalidit\u00e9.<\/p>\n<h3>Prolonger les prestations de maladie de l\u2019assurance-emploi pour mieux soutenir les Canadiens malades ou bless\u00e9s<\/h3>\n<p>Le budget de 2021 propose un financement de 3,0\u00a0milliards de dollars sur cinq\u00a0ans, \u00e0 compter de 2021-2022, et de 966,9\u00a0millions par ann\u00e9e par la suite, pour faire passer de 15 \u00e0 26\u00a0semaines la p\u00e9riode de prestations de maladie. Il propose \u00e9galement d\u2019apporter des modifications \u00e0 la <em>Loi sur l\u2019assurance-emploi<\/em> et des changements correspondants au <em>Code canadien du travail<\/em> en vue de conf\u00e9rer aux travailleurs des industries sous r\u00e9glementation f\u00e9d\u00e9rale la protection de l\u2019emploi dont ils ont besoin quand ils touchent des prestations de maladie de l\u2019assurance-emploi. Cette prolongation permettrait aux employ\u00e9s de disposer de plus de temps et de flexibilit\u00e9 pour se r\u00e9tablir et retourner au travail.<\/p>\n<blockquote>\n<p><strong><span style=\"color: #d10055;\">R\u00e9percussions :\u00a0<\/span><\/strong>Les promoteurs de r\u00e9gimes qui offrent actuellement un programme d\u2019invalidit\u00e9 int\u00e9gr\u00e9 au r\u00e9gime d\u2019assurance-invalidit\u00e9 de l\u2019AE tireront avantage de cette proposition, car le r\u00e9gime public assumera une plus grande partie du paiement total des prestations. Toutefois, les promoteurs de r\u00e9gimes qui offrent un programme d\u2019invalidit\u00e9 comparable et qui profitent de toute r\u00e9duction de la cotisation d\u2019AE devront \u00e9ventuellement augmenter la p\u00e9riode maximale de prestations de maladie jusqu\u2019\u00e0 26\u00a0semaines, selon la conception de leurs programmes d\u2019ICD et d\u2019ILD. Une fois les r\u00e8glements rendus publics, les promoteurs de r\u00e9gimes sont encourag\u00e9s \u00e0 revoir la conception de leur programme d\u2019invalidit\u00e9 de mani\u00e8re holistique afin d\u2019en assurer la conformit\u00e9.<\/p>\n<\/blockquote>\n<h3><strong>R\u00e9gime national et universel d\u2019assurance-m\u00e9dicaments, financement des m\u00e9dicaments on\u00e9reux et am\u00e9lioration des m\u00e9dicaments qui sauvent des vies<\/strong><\/h3>\n<p>Le gouvernement ira de l\u2019avant avec le plan d\u00e9j\u00e0 annonc\u00e9 d\u2019accorder un financement continu de 500\u00a0millions de dollars aux initiatives visant les m\u00e9dicaments on\u00e9reux pour le traitement de maladies rares. Bien que le gouvernement ait d\u00e9clar\u00e9 qu\u2019il continuerait \u00e0 s\u2019entretenir directement avec des partenaires int\u00e9ress\u00e9s sur un r\u00e9gime national et universel d\u2019assurance-m\u00e9dicaments, mais il n\u2019a pas encore donn\u00e9 de pr\u00e9cisions.<\/p>\n<p>Le gouvernement s\u2019est \u00e9galement engag\u00e9 \u00e0 travailler avec les organismes de r\u00e9glementation d\u2019autres pays pour am\u00e9liorer les processus d\u2019approbation des m\u00e9dicaments au Canada, tout en proposant un financement pouvant atteindre 360\u00a0millions de dollars sur sept\u00a0ans, \u00e0 compter de 2021-2022, afin de lancer une strat\u00e9gie quantique nationale qui aidera \u00e0 concevoir des m\u00e9dicaments pouvant sauver des vies.<\/p>\n<blockquote>\n<p><strong><span style=\"color: #d10055;\">R\u00e9percussions : <\/span><\/strong>Le progr\u00e8s continu vers une strat\u00e9gie nationale d\u2019assurance-m\u00e9dicaments contribuera \u00e0 am\u00e9liorer les options de couverture pour les Canadiens et pourrait avoir des r\u00e9percussions financi\u00e8res importantes pour les employeurs qui offrent une couverture pour les m\u00e9dicaments sur ordonnance. L\u2019ampleur de ces r\u00e9percussions d\u00e9pendra de la longueur et de la port\u00e9e de la liste des m\u00e9dicaments couverts, des niveaux et plafonds de couverture, et de la position du programme public en tant que premier ou deuxi\u00e8me payeur en ce qui concerne les co\u00fbts des m\u00e9dicaments pour les employ\u00e9s admissibles. Comme le budget f\u00e9d\u00e9ral de 2019, le budget de 2021 ne donne aucune indication quant au calendrier de mise en \u0153uvre d\u2019un programme national d\u2019assurance-m\u00e9dicaments.<\/p>\n<\/blockquote>\n<h3>Fournir des semaines suppl\u00e9mentaires de prestations de relance \u00e9conomique et de prestations d\u2019assurance-emploi r\u00e9guli\u00e8res<\/h3>\n<p>En r\u00e9ponse \u00e0 l\u2019impact financier de la COVID-19 sur les entreprises, et suite \u00e0 l\u2019introduction de la Prestation canadienne d\u2019intervention d\u2019urgence, le gouvernement a introduit un soutien suppl\u00e9mentaire pour les travailleurs canadiens par l\u2019entremise de la Prestation canadienne de la relance \u00e9conomique, de la Prestation canadienne de relance \u00e9conomique pour les proches aidants et de la Prestation canadienne de maladie pour la relance \u00e9conomique. Le budget de 2021 propose d\u2019offrir jusqu\u2019\u00e0 12 semaines suppl\u00e9mentaires de Prestation canadienne de la relance \u00e9conomique, jusqu\u2019\u00e0 concurrence de<br \/>\n50 semaines. Les nouvelles mesures apporteront l\u2019aide suivante :<\/p>\n<ul>\n<li>Durant les quatre premi\u00e8res de ces 12\u00a0semaines suppl\u00e9mentaires, le b\u00e9n\u00e9ficiaire recevra 500\u00a0$ par semaine.<\/li>\n<li>Si l\u2019\u00e9conomie red\u00e9marre et si les conditions d\u2019emploi s\u2019am\u00e9liorent, pendant les huit\u00a0semaines restantes de la prolongation, le b\u00e9n\u00e9ficiaire recevra un montant inf\u00e9rieur, soit 300\u00a0$ par semaine r\u00e9clam\u00e9e.<\/li>\n<li>Tous les nouveaux demandeurs de la Prestation canadienne de la relance \u00e9conomique apr\u00e8s le 17\u00a0juillet\u00a02021 recevraient \u00e9galement la prestation de 300\u00a0$ par semaine, disponible jusqu\u2019au 25\u00a0septembre\u00a02021.<\/li>\n<li>La Prestation canadienne de relance \u00e9conomique pour les proches aidants sera prolong\u00e9e de quatre\u00a0semaines suppl\u00e9mentaires, jusqu\u2019\u00e0 un maximum de 42\u00a0semaines, \u00e0 500\u00a0$ par semaine.<\/li>\n<\/ul>\n<h3><strong>Maintien d\u2019un acc\u00e8s souple aux prestations d\u2019assurance-emploi<\/strong><\/h3>\n<p>Le budget de 2021 propose d\u2019injecter 3,9\u00a0milliards de dollars sur trois\u00a0ans, \u00e0 compter de 2021-2022, pour effectuer une s\u00e9rie de modifications l\u00e9gislatives visant \u00e0 rendre l\u2019assurance-emploi (AE) plus accessible et plus simple pour les Canadiens. Les changements permettraient de\u00a0:<\/p>\n<ul>\n<li>Maintenir un acc\u00e8s uniforme aux prestations d\u2019assurance-emploi dans toutes les r\u00e9gions, notamment en exigeant une norme d\u2019admissibilit\u00e9 de 420\u00a0heures pour les prestations ordinaires et sp\u00e9ciales, ainsi que l\u2019admissibilit\u00e9 \u00e0 au moins 14\u00a0semaines pour les prestations r\u00e9guli\u00e8res, et en \u00e9tablissant un nouveau seuil de revenu commun pour les prestations de p\u00eache.<\/li>\n<li>Permettre aux demandeurs de commencer \u00e0 recevoir des prestations d\u2019assurance-emploi plus t\u00f4t en simplifiant les r\u00e8gles r\u00e9gissant le traitement des indemnit\u00e9s de d\u00e9part, des indemnit\u00e9s de vacances et des autres sommes vers\u00e9es au moment de la cessation d\u2019emploi.<\/li>\n<\/ul>\n<p>Le budget de 2021 a \u00e9galement annonc\u00e9 des consultations \u00e0 venir sur les prochaines r\u00e9formes \u00e0 long terme de l\u2019assurance-emploi.<\/p>\n<blockquote>\n<p><strong><span style=\"color: #d10055;\">R\u00e9percussions : <\/span><\/strong>Les employeurs devraient \u00eatre particuli\u00e8rement int\u00e9ress\u00e9s par l\u2019issue des discussions sur la r\u00e9forme de l\u2019assurance-emploi, compte tenu de leur impact potentiel sur les conditions de travail des employ\u00e9s et les indemnit\u00e9s post\u00e9rieures \u00e0 l\u2019emploi.<\/p>\n<\/blockquote>\n<h3>Efforts de relance \u00e9conomique post\u00e9rieurement \u00e0 la COVID-19<\/h3>\n<p>Pour faire face \u00e0 l\u2019impact que la COVID-19 a eu dans bien des secteurs, y compris sur un syst\u00e8me de soins surcharg\u00e9 et sur la sant\u00e9 mentale des personnes les plus touch\u00e9es par la pand\u00e9mie, les initiatives suivantes ont \u00e9t\u00e9 annonc\u00e9es\u00a0:<\/p>\n<ul>\n<li>Suite \u00e0 la <a href=\"https:\/\/www.canada.ca\/fr\/ministere-finances\/nouvelles\/2021\/03\/le-gouvernement-annonce-du-soutien-supplementaire-lie-a-la-pandemie-pour-les-vaccins-les-soins-de-sante-et-les-municipalites.html\">d\u00e9claration<\/a> faite par le gouvernement en mars\u00a02021, le gouvernement f\u00e9d\u00e9ral propose de fournir aux provinces et aux territoires 4\u00a0milliards de dollars par le biais d\u2019un compl\u00e9ment unique au Transfert canadien en mati\u00e8re de sant\u00e9 afin d\u2019aider \u00e0 combler les retards dans les proc\u00e9dures et les traitements.<\/li>\n<li>Fournir un financement suppl\u00e9mentaire de 116\u00a0millions de dollars sur deux\u00a0ans, \u00e0 compter de 2021-2022, pour le Programme sur l\u2019usage et les d\u00e9pendances aux substances dans le but d\u2019appuyer un \u00e9ventail d\u2019approches novatrices en mati\u00e8re de r\u00e9duction des m\u00e9faits, de traitements et de pr\u00e9vention au niveau communautaire.<\/li>\n<li>Accorder un financement de 100\u00a0millions de dollars sur trois\u00a0ans, \u00e0 compter de 2021-2022, \u00e0 l\u2019Agence de la sant\u00e9 publique du Canada afin de soutenir des interventions novatrices en sant\u00e9 mentale pour les populations les plus gravement touch\u00e9es par la COVID-19, notamment les travailleurs de la sant\u00e9, les travailleurs de premi\u00e8re ligne, les jeunes, les a\u00een\u00e9s, les Autochtones et les Canadiens noirs et racis\u00e9s.<\/li>\n<li>Fournir 50 millions de dollars sur deux ans, \u00e0 partir de 2021-2022, \u00e0 Sant\u00e9 Canada pour appuyer un volet de programmes de sant\u00e9 mentale ax\u00e9 sur le traumatisme et l\u2019\u00e9tat de stress post-traumatique (ESPT) pour les populations ayant un risque \u00e9lev\u00e9 de vivre un traumatisme li\u00e9 \u00e0 la COVID-19 et les personnes expos\u00e9es \u00e0 divers traumas d\u00e9coulant de la COVID-19.<\/li>\n<\/ul>\n<blockquote>\n<p><strong><span style=\"color: #d10055;\">R\u00e9percussions :\u00a0<\/span><\/strong>\u00c0 mesure que nous en apprenons davantage sur les effets physiques et mentaux \u00e0 long terme possibles de la pand\u00e9mie de COVID-19, les probl\u00e8mes de sant\u00e9 mentale associ\u00e9s au stress provoqu\u00e9 par le virus de COVID-19 continueront d\u2019\u00e9voluer et d\u2019affecter les Canadiens dans un avenir pr\u00e9visible. Les mesures ci-dessus peuvent contribuer \u00e0 r\u00e9duire l\u2019impact sur les populations susmentionn\u00e9es, mais les administrateurs de r\u00e9gimes et les fournisseurs d\u2019avantages sociaux devront s\u2019assurer qu\u2019ils sont en mesure de s\u2019adapter aux nouvelles r\u00e9alit\u00e9s touchant la sant\u00e9 mentale de leurs employ\u00e9s.<\/p>\n<\/blockquote>\n<h2>Autres mesures d\u2019int\u00e9r\u00eat<\/h2>\n<h3>Am\u00e9liorer la collecte de donn\u00e9es sur les menaces de cybers\u00e9curit\u00e9<\/h3>\n<p>Le budget de 2021 propose de verser 4,1\u00a0millions de dollars sur cinq\u00a0ans, \u00e0 compter de 2021-2022, et 1,0\u00a0million de dollars par la suite, \u00e0 S\u00e9curit\u00e9 publique Canada pour poursuivre le programme d\u2019enqu\u00eate sur la cybers\u00e9curit\u00e9 et la cybercriminalit\u00e9.<\/p>\n<p>Cette initiative vise la poursuite du programme de l\u2019Enqu\u00eate canadienne sur la cybers\u00e9curit\u00e9 et le cybercrime, qui permet au gouvernement de surveiller les tendances, de collecter des donn\u00e9es et de mieux r\u00e9pondre aux menaces \u00e0 la cybers\u00e9curit\u00e9 qui pourraient toucher les personnes et les entreprises du pays. Les probl\u00e8mes de cybers\u00e9curit\u00e9 s\u2019aggravent pour les administrateurs de r\u00e9gimes de retraite et d\u2019avantages sociaux, car les mesures prises contre la COVID-19 exigent un recours accru aux communications et signatures \u00e9lectroniques. Le gouvernement estime qu\u2019en 2019, 21\u00a0% des entreprises canadiennes ont d\u00e9clar\u00e9 avoir \u00e9t\u00e9 victimes d\u2019incidents de cybers\u00e9curit\u00e9.<\/p>\n<blockquote>\n<p><strong><span style=\"color: #d10055;\">R\u00e9percussions :\u00a0<\/span><\/strong> L\u2019am\u00e9lioration de la surveillance et de la collecte d\u2019informations sur les cybermenaces pour le secteur priv\u00e9 devrait profiter \u00e0 tous les Canadiens, d\u2019autant plus que la communication et les formulaires prennent de plus en plus une forme \u00e9lectronique. Pour les r\u00e9gimes de retraite et d\u2019avantages sociaux qui ne disposent pas de mesures de cybers\u00e9curit\u00e9 ad\u00e9quates, une surveillance accrue des menaces par le gouvernement f\u00e9d\u00e9ral contribuera \u00e0 prot\u00e9ger les renseignements personnels et \u00e0 pr\u00e9venir les atteintes \u00e0 la s\u00e9curit\u00e9 des donn\u00e9es et leurs r\u00e9percussions financi\u00e8res.<\/p>\n<\/blockquote>\n<p>[\/vc_column_text][\/basic_container]<div class=\"clearfix global-margin-y\"><\/div>[\/vc_column][\/vc_row][vc_row][vc_column][vc_separator color=&#8221;custom&#8221; border_width=&#8221;3&#8243; accent_color=&#8221;#49bfb5&#8243;]\t<div class=\"row\">\n\t\t<div class=\"general-cta background-image-loading   gradient-background image \"  data-src=\"<149:https:\/\/www.eckler.ca\/app\/uploads\/2019\/03\/f2651f63a14cdfed1bf612269da8668f0e87b5e2-450x150.jpg,<319:https:\/\/www.eckler.ca\/app\/uploads\/2019\/03\/f2651f63a14cdfed1bf612269da8668f0e87b5e2-960x320.jpg,<479:https:\/\/www.eckler.ca\/app\/uploads\/2019\/03\/f2651f63a14cdfed1bf612269da8668f0e87b5e2-1440x480.jpg,<767:https:\/\/www.eckler.ca\/app\/uploads\/2019\/03\/f2651f63a14cdfed1bf612269da8668f0e87b5e2-1600x533.jpg,<991:https:\/\/www.eckler.ca\/app\/uploads\/2019\/03\/f2651f63a14cdfed1bf612269da8668f0e87b5e2-1599x533.jpg,<1199:https:\/\/www.eckler.ca\/app\/uploads\/2019\/03\/f2651f63a14cdfed1bf612269da8668f0e87b5e2-1600x533.jpg,<1399:https:\/\/www.eckler.ca\/app\/uploads\/2019\/03\/f2651f63a14cdfed1bf612269da8668f0e87b5e2-1600x533.jpg,>1400:https:\/\/www.eckler.ca\/app\/uploads\/2019\/03\/f2651f63a14cdfed1bf612269da8668f0e87b5e2-1600x533.jpg\">\n\t\t\t\t\t\t\t<div class=\"general-cta-gradient-bg\"><\/div>\n\t\t\t\t\t\t<div class=\"general-cta-overlay overlay-light\"><\/div>\n\t\t\t<div class=\"container\">\n\t\t\t\t<div class=\"row\">\n\t\t\t\t\t<div class=\"general-cta-box\">\n\t\t\t\t\t\t\t\t\t\t\t\t<div class=\"general-cta-button-only\"><\/div>\t\t\t\t\t\t\t\t\t\t\t\t\t<div class=\"general-cta-button\">\n\t\t\t\t\t\t\t\t<a href=\"https:\/\/www.eckler.ca\/app\/uploads\/2021\/05\/SPECIAL-NOTICE-APR-2021-FED-BUDGET-FRENCH-_FINAL.pdf\" target=\"_blank\" class=\"btn btn-primary btn-solid\" title=\"Home\">\n\t\t\t\t\t\t\t\t\tT\u00c9L\u00c9CHARGER\t\t\t\t\t\t\t\t<\/a>\n\t\t\t\t\t\t\t<\/div>\n\t\t\t\t\t    \t\t\t\t\t<\/div>\n\t\t\t\t<\/div>\n\t\t\t<\/div>\n\t\t<\/div>\n\t<\/div>\n[\/vc_column][\/vc_row][vc_row][vc_column][vc_column_text][\/vc_column_text][\/vc_column][\/vc_row][vc_row][vc_column][vc_column_text][\/vc_column_text][\/vc_column][\/vc_row][vc_row][vc_column][basic_container container_size=&#8221;container container-narrow&#8221; bg_type=&#8221;solid&#8221; bg_color=&#8221;bg-light&#8221;]<div class=\"clearfix global-margin-y\"><\/div>[vc_column_text]<span style=\"font-size: small;\">Le pr\u00e9sent <em>Communiqu\u00e9 sp\u00e9cial<\/em> a \u00e9t\u00e9 pr\u00e9par\u00e9 \u00e0 titre informatif seulement et ne constitue aucunement un avis professionnel. Veuillez communiquer avec un conseiller de chez Eckler si vous avez besoin d\u2019un avis professionnel fond\u00e9 sur le contenu du pr\u00e9sent Communiqu\u00e9 sp\u00e9cial.<\/span><span style=\"font-size: small;\">\u00a0\u00a0<\/span>[\/vc_column_text]<div class=\"clearfix global-margin-y\"><\/div>[\/basic_container][\/vc_column][\/vc_row]<\/p>\n<\/div>","protected":false},"excerpt":{"rendered":"<p>[vc_row][vc_column][basic_container container_size=&#8221;container container-narrow&#8221;][vc_column_text]Communiqu\u00e9 sp\u00e9cial &#8211; 22 avril 2021<\/p>\n<p>Le <a href=\"https:\/\/www.budget.gc.ca\/2021\/home-accueil-fr.html\" target=\"_blank\" rel=\"noopener\">budget f\u00e9d\u00e9ral de 2021<\/a>, intitul\u00e9 Une relance ax\u00e9e sur les emplois, la croissance et la r\u00e9silience (le budget &hellip; [&#8230;]<\/p>\n","protected":false},"author":3,"featured_media":2102,"comment_status":"closed","ping_status":"closed","sticky":false,"template":"","format":"standard","meta":{"_acf_changed":false,"footnotes":""},"categories":[67],"tags":[],"class_list":["post-8359","post","type-post","status-publish","format-standard","has-post-thumbnail","hentry","category-communique-special-fr","service-avantages-collectifs","service-defined-benefit-pension-consulting-fr","service-consultation-en-regimes-de-retraite-et-en-avantages-sociaux","service-group-benefits"],"acf":[],"yoast_head":"<!-- This site is optimized with the Yoast SEO Premium plugin v26.8 (Yoast SEO v26.8) - https:\/\/yoast.com\/product\/yoast-seo-premium-wordpress\/ -->\n<title>Budget f\u00e9d\u00e9ral 2021 : Le gouvernement trace la voie de la relance - Eckler<\/title>\n<meta name=\"robots\" content=\"index, follow, max-snippet:-1, max-image-preview:large, max-video-preview:-1\" \/>\n<link rel=\"canonical\" href=\"https:\/\/www.eckler.ca\/fr\/budget-federal-2021-le-gouvernement-trace-la-voie-de-la-relance\/\" \/>\n<meta property=\"og:locale\" content=\"fr_FR\" \/>\n<meta property=\"og:type\" content=\"article\" \/>\n<meta property=\"og:title\" content=\"Budget f\u00e9d\u00e9ral 2021 : Le gouvernement trace la voie de la relance\" \/>\n<meta property=\"og:description\" content=\"[vc_row][vc_column][basic_container container_size=&#8221;container container-narrow&#8221;][vc_column_text]Communiqu\u00e9 sp\u00e9cial &#8211; 22 avril 2021 Le budget f\u00e9d\u00e9ral de 2021, intitul\u00e9 Une relance ax\u00e9e sur les emplois, la croissance et la r\u00e9silience (le budget &hellip; [...]\" \/>\n<meta property=\"og:url\" content=\"https:\/\/www.eckler.ca\/fr\/budget-federal-2021-le-gouvernement-trace-la-voie-de-la-relance\/\" \/>\n<meta property=\"og:site_name\" content=\"Eckler\" \/>\n<meta property=\"article:published_time\" content=\"2021-04-22T14:17:15+00:00\" \/>\n<meta property=\"article:modified_time\" content=\"2021-05-10T13:40:11+00:00\" \/>\n<meta property=\"og:image\" content=\"https:\/\/www.eckler.ca\/app\/uploads\/2019\/06\/Woman-Holding-Puzzle-Pieces.jpg\" \/>\n\t<meta property=\"og:image:width\" content=\"1471\" \/>\n\t<meta property=\"og:image:height\" content=\"960\" \/>\n\t<meta property=\"og:image:type\" content=\"image\/jpeg\" \/>\n<meta name=\"author\" content=\"Nancy Lee Martin\" \/>\n<meta name=\"twitter:card\" content=\"summary_large_image\" \/>\n<meta name=\"twitter:label1\" content=\"Written by\" \/>\n\t<meta name=\"twitter:data1\" content=\"Nancy Lee Martin\" \/>\n\t<meta name=\"twitter:label2\" content=\"Est. reading time\" \/>\n\t<meta name=\"twitter:data2\" content=\"13 minutes\" \/>\n<script type=\"application\/ld+json\" class=\"yoast-schema-graph\">{\"@context\":\"https:\/\/schema.org\",\"@graph\":[{\"@type\":\"Article\",\"@id\":\"https:\/\/www.eckler.ca\/fr\/budget-federal-2021-le-gouvernement-trace-la-voie-de-la-relance\/#article\",\"isPartOf\":{\"@id\":\"https:\/\/www.eckler.ca\/fr\/budget-federal-2021-le-gouvernement-trace-la-voie-de-la-relance\/\"},\"author\":{\"name\":\"Nancy Lee Martin\",\"@id\":\"https:\/\/www.eckler.ca\/#\/schema\/person\/c4263423d670653f62769e3d8a19b9b0\"},\"headline\":\"Budget f\u00e9d\u00e9ral 2021 : Le gouvernement trace la voie de la relance\",\"datePublished\":\"2021-04-22T14:17:15+00:00\",\"dateModified\":\"2021-05-10T13:40:11+00:00\",\"mainEntityOfPage\":{\"@id\":\"https:\/\/www.eckler.ca\/fr\/budget-federal-2021-le-gouvernement-trace-la-voie-de-la-relance\/\"},\"wordCount\":3472,\"image\":{\"@id\":\"https:\/\/www.eckler.ca\/fr\/budget-federal-2021-le-gouvernement-trace-la-voie-de-la-relance\/#primaryimage\"},\"thumbnailUrl\":\"https:\/\/www.eckler.ca\/app\/uploads\/2019\/06\/Woman-Holding-Puzzle-Pieces.jpg\",\"articleSection\":[\"Communiqu\u00e9 sp\u00e9cial\"],\"inLanguage\":\"fr-FR\"},{\"@type\":\"WebPage\",\"@id\":\"https:\/\/www.eckler.ca\/fr\/budget-federal-2021-le-gouvernement-trace-la-voie-de-la-relance\/\",\"url\":\"https:\/\/www.eckler.ca\/fr\/budget-federal-2021-le-gouvernement-trace-la-voie-de-la-relance\/\",\"name\":\"Budget f\u00e9d\u00e9ral 2021 : Le gouvernement trace la voie de la relance - Eckler\",\"isPartOf\":{\"@id\":\"https:\/\/www.eckler.ca\/#website\"},\"primaryImageOfPage\":{\"@id\":\"https:\/\/www.eckler.ca\/fr\/budget-federal-2021-le-gouvernement-trace-la-voie-de-la-relance\/#primaryimage\"},\"image\":{\"@id\":\"https:\/\/www.eckler.ca\/fr\/budget-federal-2021-le-gouvernement-trace-la-voie-de-la-relance\/#primaryimage\"},\"thumbnailUrl\":\"https:\/\/www.eckler.ca\/app\/uploads\/2019\/06\/Woman-Holding-Puzzle-Pieces.jpg\",\"datePublished\":\"2021-04-22T14:17:15+00:00\",\"dateModified\":\"2021-05-10T13:40:11+00:00\",\"author\":{\"@id\":\"https:\/\/www.eckler.ca\/#\/schema\/person\/c4263423d670653f62769e3d8a19b9b0\"},\"breadcrumb\":{\"@id\":\"https:\/\/www.eckler.ca\/fr\/budget-federal-2021-le-gouvernement-trace-la-voie-de-la-relance\/#breadcrumb\"},\"inLanguage\":\"fr-FR\",\"potentialAction\":[{\"@type\":\"ReadAction\",\"target\":[\"https:\/\/www.eckler.ca\/fr\/budget-federal-2021-le-gouvernement-trace-la-voie-de-la-relance\/\"]}]},{\"@type\":\"ImageObject\",\"inLanguage\":\"fr-FR\",\"@id\":\"https:\/\/www.eckler.ca\/fr\/budget-federal-2021-le-gouvernement-trace-la-voie-de-la-relance\/#primaryimage\",\"url\":\"https:\/\/www.eckler.ca\/app\/uploads\/2019\/06\/Woman-Holding-Puzzle-Pieces.jpg\",\"contentUrl\":\"https:\/\/www.eckler.ca\/app\/uploads\/2019\/06\/Woman-Holding-Puzzle-Pieces.jpg\",\"width\":1471,\"height\":960,\"caption\":\"Woman Holding two seperate Puzzle Pieces\"},{\"@type\":\"BreadcrumbList\",\"@id\":\"https:\/\/www.eckler.ca\/fr\/budget-federal-2021-le-gouvernement-trace-la-voie-de-la-relance\/#breadcrumb\",\"itemListElement\":[{\"@type\":\"ListItem\",\"position\":1,\"name\":\"Accueil\",\"item\":\"https:\/\/www.eckler.ca\/fr\/\"},{\"@type\":\"ListItem\",\"position\":2,\"name\":\"Blogue\",\"item\":\"https:\/\/www.eckler.ca\/fr\/budget-federal-2021-le-gouvernement-trace-la-voie-de-la-relance\/\"},{\"@type\":\"ListItem\",\"position\":3,\"name\":\"Budget f\u00e9d\u00e9ral 2021 : Le gouvernement trace la voie de la relance\"}]},{\"@type\":\"WebSite\",\"@id\":\"https:\/\/www.eckler.ca\/#website\",\"url\":\"https:\/\/www.eckler.ca\/\",\"name\":\"Eckler\",\"description\":\"People-Powered Insights\",\"potentialAction\":[{\"@type\":\"SearchAction\",\"target\":{\"@type\":\"EntryPoint\",\"urlTemplate\":\"https:\/\/www.eckler.ca\/?s={search_term_string}\"},\"query-input\":{\"@type\":\"PropertyValueSpecification\",\"valueRequired\":true,\"valueName\":\"search_term_string\"}}],\"inLanguage\":\"fr-FR\"},{\"@type\":\"Person\",\"@id\":\"https:\/\/www.eckler.ca\/#\/schema\/person\/c4263423d670653f62769e3d8a19b9b0\",\"name\":\"Nancy Lee Martin\",\"image\":{\"@type\":\"ImageObject\",\"inLanguage\":\"fr-FR\",\"@id\":\"https:\/\/www.eckler.ca\/#\/schema\/person\/image\/\",\"url\":\"https:\/\/secure.gravatar.com\/avatar\/69c3738de0ffcd52e3e7c97bee31d8bb5df74bf0a3dafa202c297e891122f64a?s=96&d=mm&r=g\",\"contentUrl\":\"https:\/\/secure.gravatar.com\/avatar\/69c3738de0ffcd52e3e7c97bee31d8bb5df74bf0a3dafa202c297e891122f64a?s=96&d=mm&r=g\",\"caption\":\"Nancy Lee Martin\"},\"url\":\"https:\/\/www.eckler.ca\/fr\/author\/nlmartin\/\"}]}<\/script>\n<!-- \/ Yoast SEO Premium plugin. -->","yoast_head_json":{"title":"Budget f\u00e9d\u00e9ral 2021 : Le gouvernement trace la voie de la relance - Eckler","robots":{"index":"index","follow":"follow","max-snippet":"max-snippet:-1","max-image-preview":"max-image-preview:large","max-video-preview":"max-video-preview:-1"},"canonical":"https:\/\/www.eckler.ca\/fr\/budget-federal-2021-le-gouvernement-trace-la-voie-de-la-relance\/","og_locale":"fr_FR","og_type":"article","og_title":"Budget f\u00e9d\u00e9ral 2021 : Le gouvernement trace la voie de la relance","og_description":"[vc_row][vc_column][basic_container container_size=&#8221;container container-narrow&#8221;][vc_column_text]Communiqu\u00e9 sp\u00e9cial &#8211; 22 avril 2021 Le budget f\u00e9d\u00e9ral de 2021, intitul\u00e9 Une relance ax\u00e9e sur les emplois, la croissance et la r\u00e9silience (le budget &hellip; [...]","og_url":"https:\/\/www.eckler.ca\/fr\/budget-federal-2021-le-gouvernement-trace-la-voie-de-la-relance\/","og_site_name":"Eckler","article_published_time":"2021-04-22T14:17:15+00:00","article_modified_time":"2021-05-10T13:40:11+00:00","og_image":[{"width":1471,"height":960,"url":"https:\/\/www.eckler.ca\/app\/uploads\/2019\/06\/Woman-Holding-Puzzle-Pieces.jpg","type":"image\/jpeg"}],"author":"Nancy Lee Martin","twitter_card":"summary_large_image","twitter_misc":{"Written by":"Nancy Lee Martin","Est. reading time":"13 minutes"},"schema":{"@context":"https:\/\/schema.org","@graph":[{"@type":"Article","@id":"https:\/\/www.eckler.ca\/fr\/budget-federal-2021-le-gouvernement-trace-la-voie-de-la-relance\/#article","isPartOf":{"@id":"https:\/\/www.eckler.ca\/fr\/budget-federal-2021-le-gouvernement-trace-la-voie-de-la-relance\/"},"author":{"name":"Nancy Lee Martin","@id":"https:\/\/www.eckler.ca\/#\/schema\/person\/c4263423d670653f62769e3d8a19b9b0"},"headline":"Budget f\u00e9d\u00e9ral 2021 : Le gouvernement trace la voie de la relance","datePublished":"2021-04-22T14:17:15+00:00","dateModified":"2021-05-10T13:40:11+00:00","mainEntityOfPage":{"@id":"https:\/\/www.eckler.ca\/fr\/budget-federal-2021-le-gouvernement-trace-la-voie-de-la-relance\/"},"wordCount":3472,"image":{"@id":"https:\/\/www.eckler.ca\/fr\/budget-federal-2021-le-gouvernement-trace-la-voie-de-la-relance\/#primaryimage"},"thumbnailUrl":"https:\/\/www.eckler.ca\/app\/uploads\/2019\/06\/Woman-Holding-Puzzle-Pieces.jpg","articleSection":["Communiqu\u00e9 sp\u00e9cial"],"inLanguage":"fr-FR"},{"@type":"WebPage","@id":"https:\/\/www.eckler.ca\/fr\/budget-federal-2021-le-gouvernement-trace-la-voie-de-la-relance\/","url":"https:\/\/www.eckler.ca\/fr\/budget-federal-2021-le-gouvernement-trace-la-voie-de-la-relance\/","name":"Budget f\u00e9d\u00e9ral 2021 : Le gouvernement trace la voie de la relance - Eckler","isPartOf":{"@id":"https:\/\/www.eckler.ca\/#website"},"primaryImageOfPage":{"@id":"https:\/\/www.eckler.ca\/fr\/budget-federal-2021-le-gouvernement-trace-la-voie-de-la-relance\/#primaryimage"},"image":{"@id":"https:\/\/www.eckler.ca\/fr\/budget-federal-2021-le-gouvernement-trace-la-voie-de-la-relance\/#primaryimage"},"thumbnailUrl":"https:\/\/www.eckler.ca\/app\/uploads\/2019\/06\/Woman-Holding-Puzzle-Pieces.jpg","datePublished":"2021-04-22T14:17:15+00:00","dateModified":"2021-05-10T13:40:11+00:00","author":{"@id":"https:\/\/www.eckler.ca\/#\/schema\/person\/c4263423d670653f62769e3d8a19b9b0"},"breadcrumb":{"@id":"https:\/\/www.eckler.ca\/fr\/budget-federal-2021-le-gouvernement-trace-la-voie-de-la-relance\/#breadcrumb"},"inLanguage":"fr-FR","potentialAction":[{"@type":"ReadAction","target":["https:\/\/www.eckler.ca\/fr\/budget-federal-2021-le-gouvernement-trace-la-voie-de-la-relance\/"]}]},{"@type":"ImageObject","inLanguage":"fr-FR","@id":"https:\/\/www.eckler.ca\/fr\/budget-federal-2021-le-gouvernement-trace-la-voie-de-la-relance\/#primaryimage","url":"https:\/\/www.eckler.ca\/app\/uploads\/2019\/06\/Woman-Holding-Puzzle-Pieces.jpg","contentUrl":"https:\/\/www.eckler.ca\/app\/uploads\/2019\/06\/Woman-Holding-Puzzle-Pieces.jpg","width":1471,"height":960,"caption":"Woman Holding two seperate Puzzle Pieces"},{"@type":"BreadcrumbList","@id":"https:\/\/www.eckler.ca\/fr\/budget-federal-2021-le-gouvernement-trace-la-voie-de-la-relance\/#breadcrumb","itemListElement":[{"@type":"ListItem","position":1,"name":"Accueil","item":"https:\/\/www.eckler.ca\/fr\/"},{"@type":"ListItem","position":2,"name":"Blogue","item":"https:\/\/www.eckler.ca\/fr\/budget-federal-2021-le-gouvernement-trace-la-voie-de-la-relance\/"},{"@type":"ListItem","position":3,"name":"Budget f\u00e9d\u00e9ral 2021 : Le gouvernement trace la voie de la relance"}]},{"@type":"WebSite","@id":"https:\/\/www.eckler.ca\/#website","url":"https:\/\/www.eckler.ca\/","name":"Eckler","description":"People-Powered Insights","potentialAction":[{"@type":"SearchAction","target":{"@type":"EntryPoint","urlTemplate":"https:\/\/www.eckler.ca\/?s={search_term_string}"},"query-input":{"@type":"PropertyValueSpecification","valueRequired":true,"valueName":"search_term_string"}}],"inLanguage":"fr-FR"},{"@type":"Person","@id":"https:\/\/www.eckler.ca\/#\/schema\/person\/c4263423d670653f62769e3d8a19b9b0","name":"Nancy Lee Martin","image":{"@type":"ImageObject","inLanguage":"fr-FR","@id":"https:\/\/www.eckler.ca\/#\/schema\/person\/image\/","url":"https:\/\/secure.gravatar.com\/avatar\/69c3738de0ffcd52e3e7c97bee31d8bb5df74bf0a3dafa202c297e891122f64a?s=96&d=mm&r=g","contentUrl":"https:\/\/secure.gravatar.com\/avatar\/69c3738de0ffcd52e3e7c97bee31d8bb5df74bf0a3dafa202c297e891122f64a?s=96&d=mm&r=g","caption":"Nancy Lee Martin"},"url":"https:\/\/www.eckler.ca\/fr\/author\/nlmartin\/"}]}},"_links":{"self":[{"href":"https:\/\/www.eckler.ca\/fr\/wp-json\/wp\/v2\/posts\/8359","targetHints":{"allow":["GET"]}}],"collection":[{"href":"https:\/\/www.eckler.ca\/fr\/wp-json\/wp\/v2\/posts"}],"about":[{"href":"https:\/\/www.eckler.ca\/fr\/wp-json\/wp\/v2\/types\/post"}],"author":[{"embeddable":true,"href":"https:\/\/www.eckler.ca\/fr\/wp-json\/wp\/v2\/users\/3"}],"replies":[{"embeddable":true,"href":"https:\/\/www.eckler.ca\/fr\/wp-json\/wp\/v2\/comments?post=8359"}],"version-history":[{"count":4,"href":"https:\/\/www.eckler.ca\/fr\/wp-json\/wp\/v2\/posts\/8359\/revisions"}],"predecessor-version":[{"id":8533,"href":"https:\/\/www.eckler.ca\/fr\/wp-json\/wp\/v2\/posts\/8359\/revisions\/8533"}],"wp:featuredmedia":[{"embeddable":true,"href":"https:\/\/www.eckler.ca\/fr\/wp-json\/wp\/v2\/media\/2102"}],"wp:attachment":[{"href":"https:\/\/www.eckler.ca\/fr\/wp-json\/wp\/v2\/media?parent=8359"}],"wp:term":[{"taxonomy":"category","embeddable":true,"href":"https:\/\/www.eckler.ca\/fr\/wp-json\/wp\/v2\/categories?post=8359"},{"taxonomy":"post_tag","embeddable":true,"href":"https:\/\/www.eckler.ca\/fr\/wp-json\/wp\/v2\/tags?post=8359"}],"curies":[{"name":"wp","href":"https:\/\/api.w.org\/{rel}","templated":true}]}}