{"id":8179,"date":"2021-03-10T10:00:53","date_gmt":"2021-03-10T15:00:53","guid":{"rendered":"https:\/\/www.eckler.ca\/le-temps-est-il-venu-delaborer-votre-politique-de-capitalisation\/"},"modified":"2021-05-25T15:19:38","modified_gmt":"2021-05-25T19:19:38","slug":"le-temps-est-il-venu-delaborer-votre-politique-de-capitalisation","status":"publish","type":"post","link":"https:\/\/www.eckler.ca\/fr\/le-temps-est-il-venu-delaborer-votre-politique-de-capitalisation\/","title":{"rendered":"Le temps est-il venu d\u2019\u00e9laborer votre politique de capitalisation?"},"content":{"rendered":"<div class=\"wpb-content-wrapper\"><p>[vc_row][vc_column][basic_container container_size=&#8221;container container-narrow&#8221;][vc_column_text]<\/p>\n<p>Par Shawn Wilcox<br \/>\nPerspectives &#8211; Mars 2021<\/p>\n<p style=\"font-size: 12px;\"><em><span style=\"color: #00425b;\"> Toutes les opinions exprim\u00e9es sont celles des auteurs et ne refl\u00e8tent pas n\u00e9cessairement la position officielle d\u2019une agence, d\u2019une organisation, d\u2019un promoteur de r\u00e9gime ou d\u2019une entreprise.<\/span><\/em><\/p>\n<hr \/>\n<p>\u00ab\u00a0Atypique\u00a0\u00bb, \u00ab\u00a0jamais vu\u00a0\u00bb et \u00ab\u00a0sans pr\u00e9c\u00e9dent\u00a0\u00bb sont des termes qui ont \u00e9t\u00e9 utilis\u00e9s abondamment pour d\u00e9crire la derni\u00e8re ann\u00e9e. Et avec raison\u00a0: ces termes s\u2019appliquent bel et bien \u00e0 l\u2019ann\u00e9e\u00a02020 pour bon nombre de personnes partout dans le monde qui ont d\u00fb composer avec les r\u00e9percussions sociales et \u00e9conomiques de la COVID-19. Sur le plan des affaires, la pand\u00e9mie a perturb\u00e9 les march\u00e9s financiers \u00e0 l\u2019\u00e9chelle mondiale, ce qui a entra\u00een\u00e9 une volatilit\u00e9 importante des niveaux de capitalisation de nombreux r\u00e9gimes de retraite \u00e0 prestations d\u00e9termin\u00e9es et nous a rappel\u00e9 le risque de capitalisation inh\u00e9rent que repr\u00e9sente ce type de r\u00e9gime. En ce qui a trait aux r\u00e9gimes de retraite \u00e0 employeur unique, le risque est assum\u00e9 par les employeurs qui agissent comme promoteurs du r\u00e9gime, car en g\u00e9n\u00e9ral il leur incombe de financer les d\u00e9ficits. Qui plus est, les perturbations continues des op\u00e9rations quotidiennes ont eu une incidence sur les flux de tr\u00e9sorerie de nombreux promoteurs de r\u00e9gimes, lesquels ont subi encore plus de pression quant \u00e0 l\u2019atteinte de leurs obligations en mati\u00e8re de capitalisation. M\u00eame s\u2019il semble que la vaccination nous permettra de nous sortir de cette impasse et donnera un nouveau souffle \u00e0 la population et aux \u00e9conomies mondiales, le risque et l\u2019incertitude demeurent pr\u00e9sents. Et la meilleure fa\u00e7on de g\u00e9rer les risques consiste \u00e0 se doter d\u2019une feuille de route bien planifi\u00e9e.<\/p>\n<p>En fait, de plus en plus de juridictions canadiennes exigent d\u00e9sormais que les promoteurs de r\u00e9gimes \u00e0 prestations d\u00e9termin\u00e9es se dotent d\u2019une politique de capitalisation officielle sur laquelle ils peuvent fonder leurs d\u00e9cisions en mati\u00e8re de capitalisation et g\u00e9rer les risques, et ce, pour veiller \u00e0 ce que les participants obtiennent les rentes qui leur ont \u00e9t\u00e9 promises. Bien que l\u2019Ontario soit l\u2019une des juridictions qui ont r\u00e9cemment adopt\u00e9 une telle exigence, la loi ne sera pas proclam\u00e9e en vigueur tant que les r\u00e8glements qui viennent pr\u00e9ciser le contenu requis n\u2019auront pas \u00e9t\u00e9 publi\u00e9s. Nous savons que les r\u00e8glements finiront par \u00eatre publi\u00e9s. Et lorsqu\u2019ils le seront, vous devrez d\u00e9poser votre politique de capitalisation aupr\u00e8s de l\u2019Autorit\u00e9 ontarienne de r\u00e9glementation des services financiers (ARSF).<\/p>\n<h3><span style=\"color: #00425b;\"><strong>Quels \u00e9l\u00e9ments doivent figurer dans votre politique de capitalisation?<\/strong><\/span><\/h3>\n<p>Une politique de capitalisation constitue un morceau du casse-t\u00eate. La politique de capitalisation, lorsque combin\u00e9e aux autres politiques \u00e9tablies \u00e0 l\u2019\u00e9gard de votre r\u00e9gime de retraite, constitue la fondation sur laquelle s\u2019appuie la structure et les processus de gouvernance, qui permettent de bien planifier les op\u00e9rations et de prot\u00e9ger les rentes des participants au r\u00e9gime.<\/p>\n<p>La politique de capitalisation permet une accumulation ordonn\u00e9e des actifs de la caisse de retraite afin d\u2019assurer le paiement de toutes les rentes ainsi que des d\u00e9penses connexes. Cette politique est, par cons\u00e9quent, \u00e9troitement li\u00e9e \u00e0 de nombreuses autres politiques du r\u00e9gime de retraite, notamment la politique de prestations, celle des d\u00e9penses et la plus importante, la politique de placement. Votre politique de capitalisation, qui a une incidence sur le montant et le versement de vos cotisations, et votre politique de placement, qui vient pr\u00e9ciser la mani\u00e8re dont les cotisations seront investies et les perspectives de rendement de la caisse de retraite, doivent aller de pair pour que les participants obtiennent la rente qui leur a \u00e9t\u00e9 promise.<\/p>\n<p>Votre politique de capitalisation doit stipuler clairement vos objectifs en mati\u00e8re de capitalisation et \u00e9tablir des directives qui orientent vos d\u00e9cisions li\u00e9es au financement, dans les bons comme dans les mauvais moments. Votre politique de capitalisation doit \u00e9galement \u00e9tablir un cadre de gestion des risques pour vous aider \u00e0 assurer un suivi des risques auxquels votre r\u00e9gime fait face et \u00e0 g\u00e9rer ces risques. Le niveau de prudence d\u2019une politique de capitalisation a un effet direct sur le montant et le versement des cotisations, le niveau de d\u00e9pendance du r\u00e9gime \u00e0 la solidit\u00e9 financi\u00e8re du promoteur de r\u00e9gime et, en bout de piste, sur la s\u00e9curit\u00e9 des rentes des participants. Une fois mise en \u0153uvre, votre politique de capitalisation devrait \u00eatre revue \u00e0 intervalles r\u00e9guliers et mise \u00e0 jour au besoin, car vous devez vous assurer qu\u2019elle soit toujours efficace et qu\u2019elle continue de r\u00e9pondre \u00e0 vos objectifs en mati\u00e8re de capitalisation.<\/p>\n<p>Chaque r\u00e9gime de retraite est diff\u00e9rent. Les composantes de votre politique de capitalisation doivent donc refl\u00e9ter les circonstances particuli\u00e8res de votre r\u00e9gime. Voici les composantes habituelles d\u2019une politique de capitalisation\u00a0:<\/p>\n<ul>\n<li>r\u00e9sumer les caract\u00e9ristiques du r\u00e9gime qui ont une incidence sur la capitalisation;<\/li>\n<li>d\u00e9crire les caract\u00e9ristiques du promoteur de r\u00e9gime ou du secteur au sein duquel le promoteur de r\u00e9gime exerce ses activit\u00e9s qui pourraient \u00eatre pertinentes pour la capitalisation;<\/li>\n<li>expliquer les diff\u00e9rents r\u00f4les du promoteur de r\u00e9gime et de l\u2019administrateur du r\u00e9gime en mati\u00e8re de capitalisation;<\/li>\n<li>consigner les objectifs du promoteur de r\u00e9gime en mati\u00e8re de capitalisation et les ratios de capitalisation vis\u00e9s;<\/li>\n<li>donner des pr\u00e9cisions sur l\u2019approche du promoteur de r\u00e9gime quant au financement des d\u00e9ficits et sur ses intentions quant \u00e0 l\u2019utilisation des surplus;<\/li>\n<li>relever les principaux risques auxquels le r\u00e9gime de retraite fait face, le niveau de tol\u00e9rance envers ces risques et les outils \u00e0 la disposition du promoteur de r\u00e9gime pour assurer un suivi des risques et les g\u00e9rer;<\/li>\n<li>donner des directives pour le choix des hypoth\u00e8ses et des m\u00e9thodes actuarielles, ainsi que pour la fr\u00e9quence des \u00e9valuations actuarielles; et<\/li>\n<li>assurer l\u2019examen et la mise \u00e0 jour de la politique de capitalisation comme telle.<\/li>\n<\/ul>\n<h3><span style=\"color: #00425b;\"><strong>Quels avantages peut-on tirer d\u2019une politique de capitalisation?<\/strong><\/span><\/h3>\n<p>En termes clairs, une politique de capitalisation fait partie int\u00e9grante de la saine gouvernance d\u2019un r\u00e9gime de retraite. Une politique de capitalisation \u00e9toff\u00e9e fait en sorte que les objectifs en mati\u00e8re de capitalisation sont clairs pour tous les intervenants. De plus, une telle politique favorise la prise de d\u00e9cisions \u00e9clair\u00e9es, tout comme les possibilit\u00e9s de voir les objectifs atteints. En cernant les principaux risques auxquels votre r\u00e9gime de retraite est expos\u00e9, vous aidez les d\u00e9cideurs \u00e0 mieux comprendre la situation, ce qui entra\u00eene une gestion plus efficace des risques qui autrement pourraient nuire \u00e0 l\u2019atteinte des objectifs en mati\u00e8re de capitalisation. En communiquant les aspects de votre politique de capitalisation aux participants du r\u00e9gime, vous leur permettez de mieux comprendre les nombreux \u00e9l\u00e9ments \u00e0 prendre en consid\u00e9ration relativement \u00e0 la capitalisation de leur r\u00e9gime de retraite. De plus, cette mesure pourrait rassurer les participants, tout particuli\u00e8rement en p\u00e9riode d\u2019incertitude \u00e9conomique\u00a0: ils verraient ainsi que les risques auxquels le r\u00e9gime fait face sont g\u00e9r\u00e9s de fa\u00e7on prudente et que leurs rentes sont prot\u00e9g\u00e9es.<\/p>\n<blockquote>\n<h3><span style=\"color: #00425b;\"><strong>Doit-on entamer d\u00e8s maintenant l\u2019\u00e9laboration d\u2019une politique de capitalisation ou est-il pr\u00e9f\u00e9rable d\u2019attendre de conna\u00eetre le contenu exact des exigences de l\u2019Ontario?<\/strong><\/span><\/h3>\n<p>En ce qui a trait \u00e0 la conformit\u00e9, il n\u2019est pas n\u00e9cessaire d\u2019\u00e9tablir d\u00e8s maintenant la politique de capitalisation. Toutefois, si la consignation de votre approche en mati\u00e8re de capitalisation et de gestion des risques est d\u00e9j\u00e0 bien entam\u00e9e (ou pas du tout), dites-vous que l\u2019\u00e9tablissement de votre politique pourrait prendre du temps.<\/p>\n<p>En ce qui a trait au contenu des exigences, le contenu obligatoire des politiques de capitalisation est similaire d\u2019une juridiction \u00e0 l\u2019autre et reprend bon nombre des meilleures pratiques \u00e9nonc\u00e9es dans la Ligne directrice sur la politique de financement des r\u00e9gimes de retraite de l\u2019Association canadienne des organismes de contr\u00f4le des r\u00e9gimes de retraite (ACOR)<em> (Ligne directrice n<sup>o<\/sup> 7)<sup>1<\/sup><\/em>. Par cons\u00e9quent, le contenu des exigences ne risque pas d\u2019\u00eatre tr\u00e8s diff\u00e9rent au moment de la publication des r\u00e8glements en Ontario.<\/p>\n<p>Le moment pourrait \u00eatre propice \u00e0 la collecte de documents internes que vous pourriez d\u00e9j\u00e0 avoir \u00e9labor\u00e9s et \u00e0 l\u2019examen de la Ligne directrice de l\u2019ACOR. Il pourrait aussi \u00eatre opportun de d\u00e9buter le d\u00e9veloppement des pi\u00e8ces manquantes. En prenant une longueur d\u2019avance, vous aurez l\u2019occasion de r\u00e9diger un document bien structur\u00e9 dont vous pourrez vous servir pour prendre des d\u00e9cisions cruciales en mati\u00e8re de capitalisation, surtout en cette p\u00e9riode sans pr\u00e9c\u00e9dent que nous devons traverser.<\/p><\/blockquote>\n<p><small> <sup>1<\/sup>\u00a0En novembre\u00a02020, une version \u00e0 jour de la Ligne directrice de l\u2019ACOR a \u00e9t\u00e9 <a href=\"https:\/\/www.capsa-acor.org\/Consultation\" target=\"_blank\" rel=\"noopener\">publi\u00e9e \u00e0 des fins de consultation<\/a> par les intervenants du secteur. Les r\u00e9visions provisoires refl\u00e8tent l\u2019\u00e9volution de la conception des r\u00e9gimes de retraite et les exigences l\u00e9gislatives sur les normes minimales depuis la publication initiale de la Ligne directrice en 2011.<\/small><\/p>\n<hr \/>\n<p style=\"font-size: 12px;\"><em><span style=\"color: #00425b;\"> Ce num\u00e9ro d\u2019Insights a \u00e9t\u00e9 pr\u00e9par\u00e9 \u00e0 des fins d\u2019information g\u00e9n\u00e9rale uniquement et ne constitue pas un conseil professionnel. Si vous avez besoin de conseils professionnels sur la base du contenu de cet avis, <a href=\"https:\/\/www.eckler.ca\/fr\/lets-talk\/\" target=\"_blank\" rel=\"noopener\">veuillez contacter un consultant Eckler<\/a>.<\/span><\/em><\/p>\n<p>[\/vc_column_text][vc_separator color=&#8221;custom&#8221; border_width=&#8221;1&#8243; accent_color=&#8221;#49bfb5&#8243;][\/basic_container][\/vc_column][\/vc_row][vc_row][vc_column][\/vc_column][\/vc_row]<\/p>\n<\/div>","protected":false},"excerpt":{"rendered":"<p>\u00ab Atypique \u00bb, \u00ab jamais vu \u00bb et \u00ab sans pr\u00e9c\u00e9dent \u00bb sont des termes qui ont \u00e9t\u00e9 utilis\u00e9s abondamment pour d\u00e9crire la derni\u00e8re ann\u00e9e. Et avec raison : ces &hellip; [&#8230;]<\/p>\n","protected":false},"author":3,"featured_media":2705,"comment_status":"closed","ping_status":"closed","sticky":false,"template":"","format":"standard","meta":{"_acf_changed":false,"footnotes":""},"categories":[74,75],"tags":[],"class_list":["post-8179","post","type-post","status-publish","format-standard","has-post-thumbnail","hentry","category-insights-fr","category-perspectives","service-defined-benefit-pension-consulting-fr"],"acf":[],"yoast_head":"<!-- This site is optimized with the Yoast SEO Premium plugin v26.8 (Yoast SEO v26.8) - https:\/\/yoast.com\/product\/yoast-seo-premium-wordpress\/ -->\n<title>Le temps est-il venu d\u2019\u00e9laborer votre politique de capitalisation? - Eckler<\/title>\n<meta name=\"robots\" content=\"index, follow, max-snippet:-1, max-image-preview:large, max-video-preview:-1\" \/>\n<link rel=\"canonical\" href=\"https:\/\/www.eckler.ca\/fr\/le-temps-est-il-venu-delaborer-votre-politique-de-capitalisation\/\" \/>\n<meta property=\"og:locale\" content=\"fr_FR\" \/>\n<meta property=\"og:type\" content=\"article\" \/>\n<meta property=\"og:title\" content=\"Le temps est-il venu d\u2019\u00e9laborer votre politique de capitalisation?\" \/>\n<meta property=\"og:description\" content=\"\u00ab Atypique \u00bb, \u00ab jamais vu \u00bb et \u00ab sans pr\u00e9c\u00e9dent \u00bb sont des termes qui ont \u00e9t\u00e9 utilis\u00e9s abondamment pour d\u00e9crire la derni\u00e8re ann\u00e9e. Et avec raison : ces &hellip; [...]\" \/>\n<meta property=\"og:url\" content=\"https:\/\/www.eckler.ca\/fr\/le-temps-est-il-venu-delaborer-votre-politique-de-capitalisation\/\" \/>\n<meta property=\"og:site_name\" content=\"Eckler\" \/>\n<meta property=\"article:published_time\" content=\"2021-03-10T15:00:53+00:00\" \/>\n<meta property=\"article:modified_time\" content=\"2021-05-25T19:19:38+00:00\" \/>\n<meta property=\"og:image\" content=\"https:\/\/www.eckler.ca\/app\/uploads\/2019\/07\/lightblub-in-green-garden.jpg\" \/>\n\t<meta property=\"og:image:width\" content=\"1440\" \/>\n\t<meta property=\"og:image:height\" content=\"960\" \/>\n\t<meta property=\"og:image:type\" content=\"image\/jpeg\" \/>\n<meta name=\"author\" content=\"Nancy Lee Martin\" \/>\n<meta name=\"twitter:card\" content=\"summary_large_image\" \/>\n<meta name=\"twitter:label1\" content=\"Written by\" \/>\n\t<meta name=\"twitter:data1\" content=\"Nancy Lee Martin\" \/>\n\t<meta name=\"twitter:label2\" content=\"Est. reading time\" \/>\n\t<meta name=\"twitter:data2\" content=\"7 minutes\" \/>\n<script type=\"application\/ld+json\" class=\"yoast-schema-graph\">{\"@context\":\"https:\/\/schema.org\",\"@graph\":[{\"@type\":\"Article\",\"@id\":\"https:\/\/www.eckler.ca\/fr\/le-temps-est-il-venu-delaborer-votre-politique-de-capitalisation\/#article\",\"isPartOf\":{\"@id\":\"https:\/\/www.eckler.ca\/fr\/le-temps-est-il-venu-delaborer-votre-politique-de-capitalisation\/\"},\"author\":{\"name\":\"Nancy Lee Martin\",\"@id\":\"https:\/\/www.eckler.ca\/#\/schema\/person\/c4263423d670653f62769e3d8a19b9b0\"},\"headline\":\"Le temps est-il venu d\u2019\u00e9laborer votre politique de capitalisation?\",\"datePublished\":\"2021-03-10T15:00:53+00:00\",\"dateModified\":\"2021-05-25T19:19:38+00:00\",\"mainEntityOfPage\":{\"@id\":\"https:\/\/www.eckler.ca\/fr\/le-temps-est-il-venu-delaborer-votre-politique-de-capitalisation\/\"},\"wordCount\":1658,\"image\":{\"@id\":\"https:\/\/www.eckler.ca\/fr\/le-temps-est-il-venu-delaborer-votre-politique-de-capitalisation\/#primaryimage\"},\"thumbnailUrl\":\"https:\/\/www.eckler.ca\/app\/uploads\/2019\/07\/lightblub-in-green-garden.jpg\",\"articleSection\":[\"Insights\",\"Perspectives\"],\"inLanguage\":\"fr-FR\"},{\"@type\":\"WebPage\",\"@id\":\"https:\/\/www.eckler.ca\/fr\/le-temps-est-il-venu-delaborer-votre-politique-de-capitalisation\/\",\"url\":\"https:\/\/www.eckler.ca\/fr\/le-temps-est-il-venu-delaborer-votre-politique-de-capitalisation\/\",\"name\":\"Le temps est-il venu d\u2019\u00e9laborer votre politique de capitalisation? - Eckler\",\"isPartOf\":{\"@id\":\"https:\/\/www.eckler.ca\/#website\"},\"primaryImageOfPage\":{\"@id\":\"https:\/\/www.eckler.ca\/fr\/le-temps-est-il-venu-delaborer-votre-politique-de-capitalisation\/#primaryimage\"},\"image\":{\"@id\":\"https:\/\/www.eckler.ca\/fr\/le-temps-est-il-venu-delaborer-votre-politique-de-capitalisation\/#primaryimage\"},\"thumbnailUrl\":\"https:\/\/www.eckler.ca\/app\/uploads\/2019\/07\/lightblub-in-green-garden.jpg\",\"datePublished\":\"2021-03-10T15:00:53+00:00\",\"dateModified\":\"2021-05-25T19:19:38+00:00\",\"author\":{\"@id\":\"https:\/\/www.eckler.ca\/#\/schema\/person\/c4263423d670653f62769e3d8a19b9b0\"},\"breadcrumb\":{\"@id\":\"https:\/\/www.eckler.ca\/fr\/le-temps-est-il-venu-delaborer-votre-politique-de-capitalisation\/#breadcrumb\"},\"inLanguage\":\"fr-FR\",\"potentialAction\":[{\"@type\":\"ReadAction\",\"target\":[\"https:\/\/www.eckler.ca\/fr\/le-temps-est-il-venu-delaborer-votre-politique-de-capitalisation\/\"]}]},{\"@type\":\"ImageObject\",\"inLanguage\":\"fr-FR\",\"@id\":\"https:\/\/www.eckler.ca\/fr\/le-temps-est-il-venu-delaborer-votre-politique-de-capitalisation\/#primaryimage\",\"url\":\"https:\/\/www.eckler.ca\/app\/uploads\/2019\/07\/lightblub-in-green-garden.jpg\",\"contentUrl\":\"https:\/\/www.eckler.ca\/app\/uploads\/2019\/07\/lightblub-in-green-garden.jpg\",\"width\":1440,\"height\":960,\"caption\":\"a person holding a lightblub in greenery background\"},{\"@type\":\"BreadcrumbList\",\"@id\":\"https:\/\/www.eckler.ca\/fr\/le-temps-est-il-venu-delaborer-votre-politique-de-capitalisation\/#breadcrumb\",\"itemListElement\":[{\"@type\":\"ListItem\",\"position\":1,\"name\":\"Accueil\",\"item\":\"https:\/\/www.eckler.ca\/fr\/\"},{\"@type\":\"ListItem\",\"position\":2,\"name\":\"Blogue\",\"item\":\"https:\/\/www.eckler.ca\/fr\/le-temps-est-il-venu-delaborer-votre-politique-de-capitalisation\/\"},{\"@type\":\"ListItem\",\"position\":3,\"name\":\"Le temps est-il venu d\u2019\u00e9laborer votre politique de capitalisation?\"}]},{\"@type\":\"WebSite\",\"@id\":\"https:\/\/www.eckler.ca\/#website\",\"url\":\"https:\/\/www.eckler.ca\/\",\"name\":\"Eckler\",\"description\":\"People-Powered Insights\",\"potentialAction\":[{\"@type\":\"SearchAction\",\"target\":{\"@type\":\"EntryPoint\",\"urlTemplate\":\"https:\/\/www.eckler.ca\/?s={search_term_string}\"},\"query-input\":{\"@type\":\"PropertyValueSpecification\",\"valueRequired\":true,\"valueName\":\"search_term_string\"}}],\"inLanguage\":\"fr-FR\"},{\"@type\":\"Person\",\"@id\":\"https:\/\/www.eckler.ca\/#\/schema\/person\/c4263423d670653f62769e3d8a19b9b0\",\"name\":\"Nancy Lee Martin\",\"image\":{\"@type\":\"ImageObject\",\"inLanguage\":\"fr-FR\",\"@id\":\"https:\/\/www.eckler.ca\/#\/schema\/person\/image\/\",\"url\":\"https:\/\/secure.gravatar.com\/avatar\/69c3738de0ffcd52e3e7c97bee31d8bb5df74bf0a3dafa202c297e891122f64a?s=96&d=mm&r=g\",\"contentUrl\":\"https:\/\/secure.gravatar.com\/avatar\/69c3738de0ffcd52e3e7c97bee31d8bb5df74bf0a3dafa202c297e891122f64a?s=96&d=mm&r=g\",\"caption\":\"Nancy Lee Martin\"},\"url\":\"https:\/\/www.eckler.ca\/fr\/author\/nlmartin\/\"}]}<\/script>\n<!-- \/ Yoast SEO Premium plugin. -->","yoast_head_json":{"title":"Le temps est-il venu d\u2019\u00e9laborer votre politique de capitalisation? - Eckler","robots":{"index":"index","follow":"follow","max-snippet":"max-snippet:-1","max-image-preview":"max-image-preview:large","max-video-preview":"max-video-preview:-1"},"canonical":"https:\/\/www.eckler.ca\/fr\/le-temps-est-il-venu-delaborer-votre-politique-de-capitalisation\/","og_locale":"fr_FR","og_type":"article","og_title":"Le temps est-il venu d\u2019\u00e9laborer votre politique de capitalisation?","og_description":"\u00ab Atypique \u00bb, \u00ab jamais vu \u00bb et \u00ab sans pr\u00e9c\u00e9dent \u00bb sont des termes qui ont \u00e9t\u00e9 utilis\u00e9s abondamment pour d\u00e9crire la derni\u00e8re ann\u00e9e. Et avec raison : ces &hellip; [...]","og_url":"https:\/\/www.eckler.ca\/fr\/le-temps-est-il-venu-delaborer-votre-politique-de-capitalisation\/","og_site_name":"Eckler","article_published_time":"2021-03-10T15:00:53+00:00","article_modified_time":"2021-05-25T19:19:38+00:00","og_image":[{"width":1440,"height":960,"url":"https:\/\/www.eckler.ca\/app\/uploads\/2019\/07\/lightblub-in-green-garden.jpg","type":"image\/jpeg"}],"author":"Nancy Lee Martin","twitter_card":"summary_large_image","twitter_misc":{"Written by":"Nancy Lee Martin","Est. reading time":"7 minutes"},"schema":{"@context":"https:\/\/schema.org","@graph":[{"@type":"Article","@id":"https:\/\/www.eckler.ca\/fr\/le-temps-est-il-venu-delaborer-votre-politique-de-capitalisation\/#article","isPartOf":{"@id":"https:\/\/www.eckler.ca\/fr\/le-temps-est-il-venu-delaborer-votre-politique-de-capitalisation\/"},"author":{"name":"Nancy Lee Martin","@id":"https:\/\/www.eckler.ca\/#\/schema\/person\/c4263423d670653f62769e3d8a19b9b0"},"headline":"Le temps est-il venu d\u2019\u00e9laborer votre politique de capitalisation?","datePublished":"2021-03-10T15:00:53+00:00","dateModified":"2021-05-25T19:19:38+00:00","mainEntityOfPage":{"@id":"https:\/\/www.eckler.ca\/fr\/le-temps-est-il-venu-delaborer-votre-politique-de-capitalisation\/"},"wordCount":1658,"image":{"@id":"https:\/\/www.eckler.ca\/fr\/le-temps-est-il-venu-delaborer-votre-politique-de-capitalisation\/#primaryimage"},"thumbnailUrl":"https:\/\/www.eckler.ca\/app\/uploads\/2019\/07\/lightblub-in-green-garden.jpg","articleSection":["Insights","Perspectives"],"inLanguage":"fr-FR"},{"@type":"WebPage","@id":"https:\/\/www.eckler.ca\/fr\/le-temps-est-il-venu-delaborer-votre-politique-de-capitalisation\/","url":"https:\/\/www.eckler.ca\/fr\/le-temps-est-il-venu-delaborer-votre-politique-de-capitalisation\/","name":"Le temps est-il venu d\u2019\u00e9laborer votre politique de capitalisation? - Eckler","isPartOf":{"@id":"https:\/\/www.eckler.ca\/#website"},"primaryImageOfPage":{"@id":"https:\/\/www.eckler.ca\/fr\/le-temps-est-il-venu-delaborer-votre-politique-de-capitalisation\/#primaryimage"},"image":{"@id":"https:\/\/www.eckler.ca\/fr\/le-temps-est-il-venu-delaborer-votre-politique-de-capitalisation\/#primaryimage"},"thumbnailUrl":"https:\/\/www.eckler.ca\/app\/uploads\/2019\/07\/lightblub-in-green-garden.jpg","datePublished":"2021-03-10T15:00:53+00:00","dateModified":"2021-05-25T19:19:38+00:00","author":{"@id":"https:\/\/www.eckler.ca\/#\/schema\/person\/c4263423d670653f62769e3d8a19b9b0"},"breadcrumb":{"@id":"https:\/\/www.eckler.ca\/fr\/le-temps-est-il-venu-delaborer-votre-politique-de-capitalisation\/#breadcrumb"},"inLanguage":"fr-FR","potentialAction":[{"@type":"ReadAction","target":["https:\/\/www.eckler.ca\/fr\/le-temps-est-il-venu-delaborer-votre-politique-de-capitalisation\/"]}]},{"@type":"ImageObject","inLanguage":"fr-FR","@id":"https:\/\/www.eckler.ca\/fr\/le-temps-est-il-venu-delaborer-votre-politique-de-capitalisation\/#primaryimage","url":"https:\/\/www.eckler.ca\/app\/uploads\/2019\/07\/lightblub-in-green-garden.jpg","contentUrl":"https:\/\/www.eckler.ca\/app\/uploads\/2019\/07\/lightblub-in-green-garden.jpg","width":1440,"height":960,"caption":"a person holding a lightblub in greenery background"},{"@type":"BreadcrumbList","@id":"https:\/\/www.eckler.ca\/fr\/le-temps-est-il-venu-delaborer-votre-politique-de-capitalisation\/#breadcrumb","itemListElement":[{"@type":"ListItem","position":1,"name":"Accueil","item":"https:\/\/www.eckler.ca\/fr\/"},{"@type":"ListItem","position":2,"name":"Blogue","item":"https:\/\/www.eckler.ca\/fr\/le-temps-est-il-venu-delaborer-votre-politique-de-capitalisation\/"},{"@type":"ListItem","position":3,"name":"Le temps est-il venu d\u2019\u00e9laborer votre politique de capitalisation?"}]},{"@type":"WebSite","@id":"https:\/\/www.eckler.ca\/#website","url":"https:\/\/www.eckler.ca\/","name":"Eckler","description":"People-Powered Insights","potentialAction":[{"@type":"SearchAction","target":{"@type":"EntryPoint","urlTemplate":"https:\/\/www.eckler.ca\/?s={search_term_string}"},"query-input":{"@type":"PropertyValueSpecification","valueRequired":true,"valueName":"search_term_string"}}],"inLanguage":"fr-FR"},{"@type":"Person","@id":"https:\/\/www.eckler.ca\/#\/schema\/person\/c4263423d670653f62769e3d8a19b9b0","name":"Nancy Lee Martin","image":{"@type":"ImageObject","inLanguage":"fr-FR","@id":"https:\/\/www.eckler.ca\/#\/schema\/person\/image\/","url":"https:\/\/secure.gravatar.com\/avatar\/69c3738de0ffcd52e3e7c97bee31d8bb5df74bf0a3dafa202c297e891122f64a?s=96&d=mm&r=g","contentUrl":"https:\/\/secure.gravatar.com\/avatar\/69c3738de0ffcd52e3e7c97bee31d8bb5df74bf0a3dafa202c297e891122f64a?s=96&d=mm&r=g","caption":"Nancy Lee Martin"},"url":"https:\/\/www.eckler.ca\/fr\/author\/nlmartin\/"}]}},"_links":{"self":[{"href":"https:\/\/www.eckler.ca\/fr\/wp-json\/wp\/v2\/posts\/8179","targetHints":{"allow":["GET"]}}],"collection":[{"href":"https:\/\/www.eckler.ca\/fr\/wp-json\/wp\/v2\/posts"}],"about":[{"href":"https:\/\/www.eckler.ca\/fr\/wp-json\/wp\/v2\/types\/post"}],"author":[{"embeddable":true,"href":"https:\/\/www.eckler.ca\/fr\/wp-json\/wp\/v2\/users\/3"}],"replies":[{"embeddable":true,"href":"https:\/\/www.eckler.ca\/fr\/wp-json\/wp\/v2\/comments?post=8179"}],"version-history":[{"count":6,"href":"https:\/\/www.eckler.ca\/fr\/wp-json\/wp\/v2\/posts\/8179\/revisions"}],"predecessor-version":[{"id":8185,"href":"https:\/\/www.eckler.ca\/fr\/wp-json\/wp\/v2\/posts\/8179\/revisions\/8185"}],"wp:featuredmedia":[{"embeddable":true,"href":"https:\/\/www.eckler.ca\/fr\/wp-json\/wp\/v2\/media\/2705"}],"wp:attachment":[{"href":"https:\/\/www.eckler.ca\/fr\/wp-json\/wp\/v2\/media?parent=8179"}],"wp:term":[{"taxonomy":"category","embeddable":true,"href":"https:\/\/www.eckler.ca\/fr\/wp-json\/wp\/v2\/categories?post=8179"},{"taxonomy":"post_tag","embeddable":true,"href":"https:\/\/www.eckler.ca\/fr\/wp-json\/wp\/v2\/tags?post=8179"}],"curies":[{"name":"wp","href":"https:\/\/api.w.org\/{rel}","templated":true}]}}