{"id":7081,"date":"2020-09-24T11:00:40","date_gmt":"2020-09-24T15:00:40","guid":{"rendered":"https:\/\/www.eckler.ca\/actualiteac-septembre-2020\/"},"modified":"2021-05-25T15:22:44","modified_gmt":"2021-05-25T19:22:44","slug":"actualiteac-septembre-2020","status":"publish","type":"post","link":"https:\/\/www.eckler.ca\/fr\/actualiteac-septembre-2020\/","title":{"rendered":"<i>Actualit\u00e9AC <\/i> \u2013 Septembre 2020"},"content":{"rendered":"<div class=\"wpb-content-wrapper\"><p>[vc_row][vc_column][basic_container container_size=&#8221;container container-narrow&#8221;][vc_column_text]<\/p>\n<h2><strong>Le bulletin mensuel\u00a0<em>Actualit\u00e9AC<\/em>\u00a0d\u2019Eckler pr\u00e9sente des commentaires sur les enjeux ayant une incidence sur les r\u00e9gimes d\u2019assurance collective canadiens.<a id=\"haut\"><\/a><\/strong><\/h2>\n<h3><strong>Dans ce num\u00e9ro\u00a0:<\/strong><\/h3>\n<ul>\n<li><a href=\"#Annonce_du_taux_de_cotisation_\u00e0_l\u2019assurance-emploi_pour_2021\"><strong>Annonce du taux de cotisation \u00e0 l\u2019assurance-emploi pour 2021<\/strong><\/a><\/li>\n<li><a href=\"#Sant\u00e9_Canada_approuve_le_lancement_des_biosimilaires_au_pays\"><strong>Sant\u00e9 Canada approuve le lancement des biosimilaires au pays<\/strong><\/a><\/li>\n<li><a href=\"#La_Cour_supr\u00eame_de_la_Colombie-Britannique_rejette_la_contestation_constitutionnelle_d\u2019une_clinique_de_soins_de_sant\u00e9_priv\u00e9e\"><strong>La Cour supr\u00eame de la Colombie-Britannique rejette la contestation constitutionnelle d\u2019une clinique de soins de sant\u00e9 priv\u00e9e<\/strong><\/a><\/li>\n<\/ul>\n<p>[\/vc_column_text][vc_separator color=&#8221;custom&#8221; border_width=&#8221;3&#8243; accent_color=&#8221;#49bfb5&#8243;][\/basic_container][\/vc_column][\/vc_row][vc_row][vc_column][basic_container container_size=&#8221;container container-narrow&#8221;][vc_column_text]<\/p>\n<h2><a id=\"Annonce_du_taux_de_cotisation_\u00e0_l\u2019assurance-emploi_pour_2021\"><\/a><strong>Gestion des r\u00e9gimes d\u2019avantages sociaux<\/strong><\/h2>\n<h3><strong>Annonce du taux de cotisation \u00e0 l\u2019assurance-emploi pour 2021<\/strong><\/h3>\n<p><img loading=\"lazy\" decoding=\"async\" class=\"alignright size-full wp-image-7064\" src=\"https:\/\/www.eckler.ca\/app\/uploads\/2020\/09\/GettyImages-93442053-1.jpg\" alt=\"The Canadian and Quebec flags flapping in a breeze against the backdrop of a deep blue sky.\" width=\"550\" height=\"367\" srcset=\"https:\/\/www.eckler.ca\/app\/uploads\/2020\/09\/GettyImages-93442053-1.jpg 550w, https:\/\/www.eckler.ca\/app\/uploads\/2020\/09\/GettyImages-93442053-1-300x200.jpg 300w\" sizes=\"auto, (max-width: 550px) 100vw, 550px\" \/><\/p>\n<p>Chaque ann\u00e9e, la Commission de l\u2019assurance-emploi du Canada (CAEC) \u00e9tablit la cotisation annuelle en se fondant sur le taux d\u2019\u00e9quilibre sur sept ans comme pr\u00e9vu par le rapport actuariel sur le taux de cotisation de l\u2019assurance-emploi (AE) (le rapport). L\u2019actuaire principal de l\u2019assurance-emploi pr\u00e9voit un taux d\u2019\u00e9quilibre de 1,93\u00a0$ par tranche de 100\u00a0$ de r\u00e9mun\u00e9ration assurable. Cela est attribuable \u00e0 la hausse du taux de ch\u00f4mage, aux efforts du gouvernement du Canada en r\u00e9ponse \u00e0 la pand\u00e9mie au moyen de la Prestation canadienne d\u2019urgence et aux mesures prises afin de soutenir la transition vers le programme d\u2019AE.<\/p>\n<p>Toutefois, \u00e0 la suite de la publication du rapport, la CAEC a annonc\u00e9 qu\u2019en raison de l\u2019impact \u00e9conomique de la COVID\u201119, le taux de cotisation \u00e0 l\u2019AE sera temporairement gel\u00e9 pour 2021 et qu\u2019il restera fix\u00e9 \u00e0 1,58\u00a0$ par tranche de 100\u00a0$ de r\u00e9mun\u00e9ration assurable.<\/p>\n<p>Le taux de cotisation \u00e0 l\u2019AE pour les r\u00e9sidents du Qu\u00e9bec (qui sont couverts par le R\u00e9gime qu\u00e9b\u00e9cois d\u2019assurance parentale) sera de 1,18\u00a0$ par tranche de 100\u00a0$ de r\u00e9mun\u00e9ration assurable pour les employ\u00e9s et de 1,65\u00a0$ par tranche de 100\u00a0$ de r\u00e9mun\u00e9ration assurable pour les employeurs, inchang\u00e9 pour les employ\u00e9s et en baisse par rapport \u00e0 1,68\u00a0$ pour les employeurs.<\/p>\n<p>Le maximum de la r\u00e9mun\u00e9ration assurable pour 2021 augmentera, passant de 54\u00a0200\u00a0$ en 2020 \u00e0 56\u00a0300\u00a0$.<\/p>\n<blockquote><p><strong><span style=\"color: #d10055;\">R\u00e9percussions : <\/span><\/strong>\u00c9tant donn\u00e9 la pression accrue exerc\u00e9e r\u00e9cemment sur le r\u00e9gime d\u2019AE, et le taux d\u2019\u00e9quilibre pr\u00e9vu, il est probable que les hausses de cotisation soient plus \u00e9lev\u00e9es dans les prochaines ann\u00e9es.<\/p><\/blockquote>\n<p><a href=\"#top\">Haut<\/a>[\/vc_column_text][vc_separator color=&#8221;custom&#8221; border_width=&#8221;3&#8243; accent_color=&#8221;#49bfb5&#8243;][vc_column_text]<\/p>\n<h2><a id=\"Sant\u00e9_Canada_approuve_le_lancement_des_biosimilaires_au_pays\"><\/a><strong>Gestion des r\u00e9gimes d\u2019avantages sociaux<\/strong><\/h2>\n<h3><strong>Sant\u00e9 Canada approuve le lancement des biosimilaires au pays<\/strong><\/h3>\n<p><img loading=\"lazy\" decoding=\"async\" class=\"alignright size-full wp-image-7067\" src=\"https:\/\/www.eckler.ca\/app\/uploads\/2020\/09\/GN-PrescriptionDrugs-GettyImages-178527679.jpg\" alt=\"Multi-coloured pills spilling out of orange pill bottles onto a white table. There are blue and white tablets, pink tablets and pink and brown capsules.\" width=\"550\" height=\"362\" srcset=\"https:\/\/www.eckler.ca\/app\/uploads\/2020\/09\/GN-PrescriptionDrugs-GettyImages-178527679.jpg 550w, https:\/\/www.eckler.ca\/app\/uploads\/2020\/09\/GN-PrescriptionDrugs-GettyImages-178527679-300x197.jpg 300w\" sizes=\"auto, (max-width: 550px) 100vw, 550px\" \/><\/p>\n<p>Sant\u00e9 Canada a annonc\u00e9 l\u2019approbation de la mise en march\u00e9 de deux nouveaux m\u00e9dicaments d\u2019oncologie biosimilaires au pays. Le Ziextenzo est utilis\u00e9 pour att\u00e9nuer les effets secondaires li\u00e9s \u00e0 la chimioth\u00e9rapie, tandis que le Riximyo est un traitement pour le lymphome de Hodgkin, la leuc\u00e9mie lympho\u00efde chronique et la polyarthrite rhumato\u00efde.<\/p>\n<p>Les gouvernements de la Colombie-Britannique et de l\u2019Ontario ont donc annonc\u00e9 des plans visant \u00e0 fournir une couverture ou un financement accrus du Riximyo pour leurs r\u00e9sidents.<\/p>\n<p>En Colombie-Britannique, le gouvernement a <em><a href=\"https:\/\/news.gov.bc.ca\/releases\/2020HLTH0257-001569\">annonc\u00e9<\/a><\/em>* qu\u2019\u00e0 compter du 20\u00a0ao\u00fbt\u00a02020, les patients disposent de six mois pour passer du m\u00e9dicament biologique Rituxan au Riximyo ou \u00e0 un m\u00e9dicament biosimilaire \u00e9quivalent pour le traitement de maladies telles que la polyarthrite rhumato\u00efde, la granulomatose avec polyang\u00e9ite, la polyang\u00e9ite microscopique et les formes cycliques de la scl\u00e9rose en plaques. Les biosimilaires seront couverts par l\u2019assurance-m\u00e9dicaments. Des exceptions peuvent \u00eatre accord\u00e9es en ce qui concerne les patients dont le m\u00e9decin a d\u00e9termin\u00e9 qu\u2019ils ne sont pas en mesure de passer \u00e0 un m\u00e9dicament biosimilaire pour des raisons m\u00e9dicales.<\/p>\n<p>Le minist\u00e8re de la Sant\u00e9 de l\u2019Ontario a <em><a href=\"http:\/\/www.health.gov.on.ca\/en\/pro\/programs\/drugs\/opdp_eo\/notices\/exec_office_20200824.pdf\">annonc\u00e9<\/a>*<\/em> que depuis le 31\u00a0juillet\u00a02020, le Riximyo est inscrit sur le Formulaire des m\u00e9dicaments de l\u2019Ontario en tant que m\u00e9dicament \u00e0 usage limit\u00e9 pour les b\u00e9n\u00e9ficiaires du Programme de m\u00e9dicaments de l\u2019Ontario (PMO) admissibles au traitement de la polyarthrite rhumato\u00efde. Le gouvernement a aussi annonc\u00e9 que le Riximyo est \u00e9galement financ\u00e9 pour des indications oncologiques pr\u00e9cises dans le cadre du Programme de financement des nouveaux m\u00e9dicaments du Minist\u00e8re, administr\u00e9 par Sant\u00e9 Ontario. D\u2019autres d\u00e9tails sur le financement du Riximyo seront bient\u00f4t communiqu\u00e9s.<\/p>\n<blockquote><p><strong><span style=\"color: #d10055;\">R\u00e9percussions : <\/span><\/strong>Cette annonce constitue la poursuite d\u2019une tendance vers l\u2019utilisation de biosimilaires, qui vise \u00e0 faciliter l\u2019acc\u00e8s aux m\u00e9dicaments sur ordonnance dans les provinces. Le financement accru de m\u00e9dicaments biosimilaires permet \u00e0 un plus grand nombre de patients de b\u00e9n\u00e9ficier d\u2019une couverture, et il peut aider \u00e0 r\u00e9duire les co\u00fbts pour le syst\u00e8me de sant\u00e9 et pour les promoteurs de r\u00e9gime.<\/p><\/blockquote>\n<p>*<em>En anglais seulement<\/em><\/p>\n<p><a href=\"#top\">Haut<\/a>[\/vc_column_text][vc_separator color=&#8221;custom&#8221; border_width=&#8221;3&#8243; accent_color=&#8221;#49bfb5&#8243;][vc_column_text]<\/p>\n<h2><a id=\"La_Cour_supr\u00eame_de_la_Colombie-Britannique_rejette_la_contestation_constitutionnelle_d\u2019une_clinique_de_soins_de_sant\u00e9_priv\u00e9e\"><\/a><strong>Le point juridique et l\u00e9gislatif<\/strong><\/h2>\n<h3><strong>La Cour supr\u00eame de la Colombie-Britannique rejette la contestation constitutionnelle d\u2019une clinique de soins de sant\u00e9 priv\u00e9e<\/strong><\/h3>\n<p><img loading=\"lazy\" decoding=\"async\" class=\"alignright size-full wp-image-7061\" src=\"https:\/\/www.eckler.ca\/app\/uploads\/2020\/09\/GN-ClinicWaitingRoom-GettyImages-87570695.jpg\" alt=\"A Black couple consulting with a doctor in a private medical clinic.\" width=\"550\" height=\"367\" srcset=\"https:\/\/www.eckler.ca\/app\/uploads\/2020\/09\/GN-ClinicWaitingRoom-GettyImages-87570695.jpg 550w, https:\/\/www.eckler.ca\/app\/uploads\/2020\/09\/GN-ClinicWaitingRoom-GettyImages-87570695-300x200.jpg 300w\" sizes=\"auto, (max-width: 550px) 100vw, 550px\" \/><\/p>\n<p>La Cour supr\u00eame de la Colombie-Britannique <em><a href=\"https:\/\/www.canlii.org\/en\/bc\/bcsc\/doc\/2020\/2020bcsc1310\/2020bcsc1310.html\">a rendu<\/a><\/em>* une d\u00e9cision dans la cause <em>Cambie Surgeries Corporation v. British Columbia.<\/em> Le tribunal a rejet\u00e9 une contestation constitutionnelle des r\u00e8gles de sant\u00e9 publique en Colombie-Britannique qui all\u00e9guait que le syst\u00e8me de sant\u00e9 provincial refusait aux patients le droit de recevoir des soins rapidement.<\/p>\n<p>Cambie Surgeries Corporation et quatre patients codemandeurs (les codemandeurs) all\u00e9guaient que des dispositions de la loi sur la protection m\u00e9dicale de la Colombie-Britannique (British Columbia Medical Protection Act) (la Loi) l\u00e9saient leurs droits en vertu des articles 7 et 15 de la <em>Charte canadienne des droits et libert\u00e9s<\/em> (la Charte) en interdisant la prestation de services m\u00e9dicaux indispensables priv\u00e9s dans la province. \u00c0 l\u2019heure actuelle, la Loi interdit aux m\u00e9decins de facturer le gouvernement pour le travail qu\u2019ils effectuent dans le cadre du syst\u00e8me public en \u00e9tant \u00e9galement r\u00e9mun\u00e9r\u00e9s par des cliniques priv\u00e9es ou en facturant les patients ou leur compagnie d\u2019assurance directement. Les codemandeurs all\u00e9guaient que les dispositions de la Loi interdisent dans les faits aux m\u00e9decins de la province qui travaillent dans le syst\u00e8me public de fournir des services priv\u00e9s aux patients. Les codemandeurs estimaient aussi que les longs temps d\u2019attente pour les actes m\u00e9dicaux violaient le droit \u00e0 la vie, \u00e0 la libert\u00e9 et \u00e0 la s\u00e9curit\u00e9 de la personne pr\u00e9vu par la Charte.<\/p>\n<p>Les codemandeurs faisaient valoir que si le gouvernement n\u2019a pas l\u2019obligation constitutionnelle de fournir rapidement des soins m\u00e9dicaux, il ne peut emp\u00eacher les patients d\u2019obtenir des services m\u00e9dicaux priv\u00e9s sans enfreindre leurs droits constitutionnels. Ils argumentaient que les temps d\u2019attente accrus peuvent entra\u00eener des risques tels que la progression de la maladie d\u2019un patient, se traduisant en des r\u00e9sultats \u00e9ventuellement moins bons d\u2019une chirurgie, en des dommages permanents, en une invalidit\u00e9, voire m\u00eame en un d\u00e9c\u00e8s.<\/p>\n<p>Le gouvernement all\u00e9guait pour sa part que les dispositions de la Loi n\u2019augmentent pas les temps d\u2019attente, affirmant que l\u2019existence d\u2019un syst\u00e8me de sant\u00e9 priv\u00e9 pourrait \u00e9ventuellement accro\u00eetre les temps d\u2019attente dans le syst\u00e8me provincial de sant\u00e9 en cr\u00e9ant une p\u00e9nurie de professionnels de la sant\u00e9 dans le syst\u00e8me public, en r\u00e9duisant ainsi la capacit\u00e9. Le gouvernement faisait aussi valoir que l\u2019existence d\u2019un syst\u00e8me priv\u00e9 pourrait entra\u00eener un accroissement des co\u00fbts pour les services existants.<\/p>\n<p>La cour a rejet\u00e9 les arguments selon lesquels les droits des patients en vertu de la Charte sont l\u00e9s\u00e9s. Le tribunal a d\u00e9termin\u00e9 qu\u2019il y a un lien rationnel entre les dispositions de la Loi et ses objectifs de \u00ab\u00a0pr\u00e9server la viabilit\u00e9 du syst\u00e8me de sant\u00e9 public universel\u00a0\u00bb et que le fait d\u2019assurer l\u2019acc\u00e8s aux services m\u00e9dicaux n\u00e9cessaires est fond\u00e9 sur les besoins et non sur la capacit\u00e9 de payer. Le gouvernement a argument\u00e9 que le fait de permettre un syst\u00e8me de sant\u00e9 \u00e0 deux volets aurait des r\u00e9percussions n\u00e9gatives pour les patients atteints de maladies chroniques complexes et favoriserait les patients qui sont suffisamment riches pour se payer des soins m\u00e9dicaux et une assurance priv\u00e9s. Bien que la d\u00e9cision prot\u00e8ge le syst\u00e8me de sant\u00e9 public dans la province, elle peut encore faire l\u2019objet d\u2019un appel aupr\u00e8s de la Cour supr\u00eame du Canada.<\/p>\n<blockquote><p><strong><span style=\"color: #d10055;\">R\u00e9percussions :<\/span><\/strong> Il est possible que des examens publics du syst\u00e8me de sant\u00e9 public r\u00e9v\u00e8lent des lacunes ou des possibilit\u00e9s d\u2019am\u00e9lioration relativement \u00e0 l\u2019acc\u00e8s rapide aux services m\u00e9dicaux, et exigent de pr\u00e9voir un financement accru afin de suivre le rythme des demandes d\u2019une population vieillissante. \u00c0 court terme, la d\u00e9cision assure la protection des r\u00e9gimes d\u2019assurance m\u00e9dicale priv\u00e9s qui pourraient faire l\u2019objet de pressions pour rembourser ces services.<\/p><\/blockquote>\n<p>*<em>En anglais seulement<\/em><\/p>\n<p><a href=\"#top\">Haut<\/a>[\/vc_column_text][vc_separator color=&#8221;custom&#8221; border_width=&#8221;3&#8243; accent_color=&#8221;#49bfb5&#8243;][vc_column_text][\/vc_column_text][\/basic_container][\/vc_column][\/vc_row][vc_row][vc_column][basic_container container_size=&#8221;container container-narrow&#8221; bg_type=&#8221;solid&#8221; bg_color=&#8221;bg-light&#8221;]<div class=\"clearfix global-margin-y\"><\/div>[vc_column_text]<span style=\"font-size: small;\"> Ce bulletin a \u00e9t\u00e9 pr\u00e9par\u00e9 par l\u2019\u00e9quipe de r\u00e9daction d\u2019Actualit\u00e9AC \u00e0 des fins d\u2019information g\u00e9n\u00e9rale seulement et ne constitue pas un conseil professionnel. Les renseignements contenus dans le pr\u00e9sent document sont fond\u00e9s sur les sources et les analyses actuellement disponibles. Les donn\u00e9es utilis\u00e9es peuvent provenir de sources de tierces parties qu\u2019Eckler n\u2019a pas v\u00e9rifi\u00e9es, valid\u00e9es ou contr\u00f4l\u00e9es de fa\u00e7on ind\u00e9pendante. L\u2019\u00e9quipe de r\u00e9daction ne fait aucune d\u00e9claration et n\u2019offre aucune garantie quant \u00e0 l\u2019exactitude des renseignements, ni \u00e0 leur pertinence pour les fins auxquelles ils sont destin\u00e9s par les utilisateurs. Ces renseignements ne doivent pas \u00eatre interpr\u00e9t\u00e9s comme \u00e9tant des conseils relativement \u00e0 une situation particuli\u00e8re et ne peuvent \u00eatre consid\u00e9r\u00e9s comme tels. <\/span><\/p>\n<p><span style=\"font-size: small;\">L\u2019\u00e9quipe de r\u00e9daction est pr\u00e9sentement form\u00e9e de Andrew Tsoi-A-Sue, Ellen Whelan, Charlene Milton, Philippe Laplante, and Nick Gubbay.<\/span>[\/vc_column_text]<div class=\"clearfix global-margin-y\"><\/div>[\/basic_container][\/vc_column][\/vc_row][vc_row][vc_column][\/vc_column][\/vc_row][vc_row][vc_column][vc_column_text][\/vc_column_text][\/vc_column][\/vc_row]<\/p>\n<\/div>","protected":false},"excerpt":{"rendered":"<p>Le num\u00e9ro de septembre d\u2019Actualit\u00e9AC fourni des informations sur les taux de cotisation \u00e0 l\u2019assurance-emploi pour 2021, sur l\u2019approbation du lancement de nouveaux biosimilaires au Canada r\u00e9sume une d\u00e9cision de &hellip; [&#8230;]<\/p>\n","protected":false},"author":3,"featured_media":1876,"comment_status":"closed","ping_status":"closed","sticky":false,"template":"","format":"standard","meta":{"_acf_changed":false,"footnotes":""},"categories":[46,38],"tags":[],"class_list":["post-7081","post","type-post","status-publish","format-standard","has-post-thumbnail","hentry","category-actualiteac","category-group-news","service-group-benefits"],"acf":[],"yoast_head":"<!-- This site is optimized with the Yoast SEO Premium plugin v26.8 (Yoast SEO v26.8) - https:\/\/yoast.com\/product\/yoast-seo-premium-wordpress\/ -->\n<title>Actualit\u00e9AC  \u2013 Septembre 2020 - Eckler<\/title>\n<meta name=\"robots\" content=\"index, follow, max-snippet:-1, max-image-preview:large, max-video-preview:-1\" \/>\n<link rel=\"canonical\" href=\"https:\/\/www.eckler.ca\/fr\/actualiteac-septembre-2020\/\" \/>\n<meta property=\"og:locale\" content=\"fr_FR\" \/>\n<meta property=\"og:type\" content=\"article\" \/>\n<meta property=\"og:title\" content=\"Actualit\u00e9AC  \u2013 Septembre 2020\" \/>\n<meta property=\"og:description\" content=\"Le num\u00e9ro de septembre d\u2019Actualit\u00e9AC fourni des informations sur les taux de cotisation \u00e0 l\u2019assurance-emploi pour 2021, sur l\u2019approbation du lancement de nouveaux biosimilaires au Canada r\u00e9sume une d\u00e9cision de &hellip; [...]\" \/>\n<meta property=\"og:url\" content=\"https:\/\/www.eckler.ca\/fr\/actualiteac-septembre-2020\/\" \/>\n<meta property=\"og:site_name\" content=\"Eckler\" \/>\n<meta property=\"article:published_time\" content=\"2020-09-24T15:00:40+00:00\" \/>\n<meta property=\"article:modified_time\" content=\"2021-05-25T19:22:44+00:00\" \/>\n<meta property=\"og:image\" content=\"https:\/\/www.eckler.ca\/app\/uploads\/2019\/06\/Business-people-working-together.jpg\" \/>\n\t<meta property=\"og:image:width\" content=\"1440\" \/>\n\t<meta property=\"og:image:height\" content=\"960\" \/>\n\t<meta property=\"og:image:type\" content=\"image\/jpeg\" \/>\n<meta name=\"author\" content=\"Nancy Lee Martin\" \/>\n<meta name=\"twitter:card\" content=\"summary_large_image\" \/>\n<meta name=\"twitter:label1\" content=\"Written by\" \/>\n\t<meta name=\"twitter:data1\" content=\"Nancy Lee Martin\" \/>\n\t<meta name=\"twitter:label2\" content=\"Est. reading time\" \/>\n\t<meta name=\"twitter:data2\" content=\"9 minutes\" \/>\n<script type=\"application\/ld+json\" class=\"yoast-schema-graph\">{\"@context\":\"https:\/\/schema.org\",\"@graph\":[{\"@type\":\"Article\",\"@id\":\"https:\/\/www.eckler.ca\/fr\/actualiteac-septembre-2020\/#article\",\"isPartOf\":{\"@id\":\"https:\/\/www.eckler.ca\/fr\/actualiteac-septembre-2020\/\"},\"author\":{\"name\":\"Nancy Lee Martin\",\"@id\":\"https:\/\/www.eckler.ca\/#\/schema\/person\/c4263423d670653f62769e3d8a19b9b0\"},\"headline\":\"Actualit\u00e9AC \u2013 Septembre 2020\",\"datePublished\":\"2020-09-24T15:00:40+00:00\",\"dateModified\":\"2021-05-25T19:22:44+00:00\",\"mainEntityOfPage\":{\"@id\":\"https:\/\/www.eckler.ca\/fr\/actualiteac-septembre-2020\/\"},\"wordCount\":1766,\"image\":{\"@id\":\"https:\/\/www.eckler.ca\/fr\/actualiteac-septembre-2020\/#primaryimage\"},\"thumbnailUrl\":\"https:\/\/www.eckler.ca\/app\/uploads\/2019\/06\/Business-people-working-together.jpg\",\"articleSection\":[\"Actualit\u00e9AC\",\"GroupNews\"],\"inLanguage\":\"fr-FR\"},{\"@type\":\"WebPage\",\"@id\":\"https:\/\/www.eckler.ca\/fr\/actualiteac-septembre-2020\/\",\"url\":\"https:\/\/www.eckler.ca\/fr\/actualiteac-septembre-2020\/\",\"name\":\"Actualit\u00e9AC \u2013 Septembre 2020 - Eckler\",\"isPartOf\":{\"@id\":\"https:\/\/www.eckler.ca\/#website\"},\"primaryImageOfPage\":{\"@id\":\"https:\/\/www.eckler.ca\/fr\/actualiteac-septembre-2020\/#primaryimage\"},\"image\":{\"@id\":\"https:\/\/www.eckler.ca\/fr\/actualiteac-septembre-2020\/#primaryimage\"},\"thumbnailUrl\":\"https:\/\/www.eckler.ca\/app\/uploads\/2019\/06\/Business-people-working-together.jpg\",\"datePublished\":\"2020-09-24T15:00:40+00:00\",\"dateModified\":\"2021-05-25T19:22:44+00:00\",\"author\":{\"@id\":\"https:\/\/www.eckler.ca\/#\/schema\/person\/c4263423d670653f62769e3d8a19b9b0\"},\"breadcrumb\":{\"@id\":\"https:\/\/www.eckler.ca\/fr\/actualiteac-septembre-2020\/#breadcrumb\"},\"inLanguage\":\"fr-FR\",\"potentialAction\":[{\"@type\":\"ReadAction\",\"target\":[\"https:\/\/www.eckler.ca\/fr\/actualiteac-septembre-2020\/\"]}]},{\"@type\":\"ImageObject\",\"inLanguage\":\"fr-FR\",\"@id\":\"https:\/\/www.eckler.ca\/fr\/actualiteac-septembre-2020\/#primaryimage\",\"url\":\"https:\/\/www.eckler.ca\/app\/uploads\/2019\/06\/Business-people-working-together.jpg\",\"contentUrl\":\"https:\/\/www.eckler.ca\/app\/uploads\/2019\/06\/Business-people-working-together.jpg\",\"width\":1440,\"height\":960},{\"@type\":\"BreadcrumbList\",\"@id\":\"https:\/\/www.eckler.ca\/fr\/actualiteac-septembre-2020\/#breadcrumb\",\"itemListElement\":[{\"@type\":\"ListItem\",\"position\":1,\"name\":\"Accueil\",\"item\":\"https:\/\/www.eckler.ca\/fr\/\"},{\"@type\":\"ListItem\",\"position\":2,\"name\":\"Blogue\",\"item\":\"https:\/\/www.eckler.ca\/fr\/actualiteac-septembre-2020\/\"},{\"@type\":\"ListItem\",\"position\":3,\"name\":\"Actualit\u00e9AC \u2013 Septembre 2020\"}]},{\"@type\":\"WebSite\",\"@id\":\"https:\/\/www.eckler.ca\/#website\",\"url\":\"https:\/\/www.eckler.ca\/\",\"name\":\"Eckler\",\"description\":\"People-Powered Insights\",\"potentialAction\":[{\"@type\":\"SearchAction\",\"target\":{\"@type\":\"EntryPoint\",\"urlTemplate\":\"https:\/\/www.eckler.ca\/?s={search_term_string}\"},\"query-input\":{\"@type\":\"PropertyValueSpecification\",\"valueRequired\":true,\"valueName\":\"search_term_string\"}}],\"inLanguage\":\"fr-FR\"},{\"@type\":\"Person\",\"@id\":\"https:\/\/www.eckler.ca\/#\/schema\/person\/c4263423d670653f62769e3d8a19b9b0\",\"name\":\"Nancy Lee Martin\",\"image\":{\"@type\":\"ImageObject\",\"inLanguage\":\"fr-FR\",\"@id\":\"https:\/\/www.eckler.ca\/#\/schema\/person\/image\/\",\"url\":\"https:\/\/secure.gravatar.com\/avatar\/69c3738de0ffcd52e3e7c97bee31d8bb5df74bf0a3dafa202c297e891122f64a?s=96&d=mm&r=g\",\"contentUrl\":\"https:\/\/secure.gravatar.com\/avatar\/69c3738de0ffcd52e3e7c97bee31d8bb5df74bf0a3dafa202c297e891122f64a?s=96&d=mm&r=g\",\"caption\":\"Nancy Lee Martin\"},\"url\":\"https:\/\/www.eckler.ca\/fr\/author\/nlmartin\/\"}]}<\/script>\n<!-- \/ Yoast SEO Premium plugin. -->","yoast_head_json":{"title":"Actualit\u00e9AC  \u2013 Septembre 2020 - Eckler","robots":{"index":"index","follow":"follow","max-snippet":"max-snippet:-1","max-image-preview":"max-image-preview:large","max-video-preview":"max-video-preview:-1"},"canonical":"https:\/\/www.eckler.ca\/fr\/actualiteac-septembre-2020\/","og_locale":"fr_FR","og_type":"article","og_title":"Actualit\u00e9AC  \u2013 Septembre 2020","og_description":"Le num\u00e9ro de septembre d\u2019Actualit\u00e9AC fourni des informations sur les taux de cotisation \u00e0 l\u2019assurance-emploi pour 2021, sur l\u2019approbation du lancement de nouveaux biosimilaires au Canada r\u00e9sume une d\u00e9cision de &hellip; [...]","og_url":"https:\/\/www.eckler.ca\/fr\/actualiteac-septembre-2020\/","og_site_name":"Eckler","article_published_time":"2020-09-24T15:00:40+00:00","article_modified_time":"2021-05-25T19:22:44+00:00","og_image":[{"width":1440,"height":960,"url":"https:\/\/www.eckler.ca\/app\/uploads\/2019\/06\/Business-people-working-together.jpg","type":"image\/jpeg"}],"author":"Nancy Lee Martin","twitter_card":"summary_large_image","twitter_misc":{"Written by":"Nancy Lee Martin","Est. reading time":"9 minutes"},"schema":{"@context":"https:\/\/schema.org","@graph":[{"@type":"Article","@id":"https:\/\/www.eckler.ca\/fr\/actualiteac-septembre-2020\/#article","isPartOf":{"@id":"https:\/\/www.eckler.ca\/fr\/actualiteac-septembre-2020\/"},"author":{"name":"Nancy Lee Martin","@id":"https:\/\/www.eckler.ca\/#\/schema\/person\/c4263423d670653f62769e3d8a19b9b0"},"headline":"Actualit\u00e9AC \u2013 Septembre 2020","datePublished":"2020-09-24T15:00:40+00:00","dateModified":"2021-05-25T19:22:44+00:00","mainEntityOfPage":{"@id":"https:\/\/www.eckler.ca\/fr\/actualiteac-septembre-2020\/"},"wordCount":1766,"image":{"@id":"https:\/\/www.eckler.ca\/fr\/actualiteac-septembre-2020\/#primaryimage"},"thumbnailUrl":"https:\/\/www.eckler.ca\/app\/uploads\/2019\/06\/Business-people-working-together.jpg","articleSection":["Actualit\u00e9AC","GroupNews"],"inLanguage":"fr-FR"},{"@type":"WebPage","@id":"https:\/\/www.eckler.ca\/fr\/actualiteac-septembre-2020\/","url":"https:\/\/www.eckler.ca\/fr\/actualiteac-septembre-2020\/","name":"Actualit\u00e9AC \u2013 Septembre 2020 - Eckler","isPartOf":{"@id":"https:\/\/www.eckler.ca\/#website"},"primaryImageOfPage":{"@id":"https:\/\/www.eckler.ca\/fr\/actualiteac-septembre-2020\/#primaryimage"},"image":{"@id":"https:\/\/www.eckler.ca\/fr\/actualiteac-septembre-2020\/#primaryimage"},"thumbnailUrl":"https:\/\/www.eckler.ca\/app\/uploads\/2019\/06\/Business-people-working-together.jpg","datePublished":"2020-09-24T15:00:40+00:00","dateModified":"2021-05-25T19:22:44+00:00","author":{"@id":"https:\/\/www.eckler.ca\/#\/schema\/person\/c4263423d670653f62769e3d8a19b9b0"},"breadcrumb":{"@id":"https:\/\/www.eckler.ca\/fr\/actualiteac-septembre-2020\/#breadcrumb"},"inLanguage":"fr-FR","potentialAction":[{"@type":"ReadAction","target":["https:\/\/www.eckler.ca\/fr\/actualiteac-septembre-2020\/"]}]},{"@type":"ImageObject","inLanguage":"fr-FR","@id":"https:\/\/www.eckler.ca\/fr\/actualiteac-septembre-2020\/#primaryimage","url":"https:\/\/www.eckler.ca\/app\/uploads\/2019\/06\/Business-people-working-together.jpg","contentUrl":"https:\/\/www.eckler.ca\/app\/uploads\/2019\/06\/Business-people-working-together.jpg","width":1440,"height":960},{"@type":"BreadcrumbList","@id":"https:\/\/www.eckler.ca\/fr\/actualiteac-septembre-2020\/#breadcrumb","itemListElement":[{"@type":"ListItem","position":1,"name":"Accueil","item":"https:\/\/www.eckler.ca\/fr\/"},{"@type":"ListItem","position":2,"name":"Blogue","item":"https:\/\/www.eckler.ca\/fr\/actualiteac-septembre-2020\/"},{"@type":"ListItem","position":3,"name":"Actualit\u00e9AC \u2013 Septembre 2020"}]},{"@type":"WebSite","@id":"https:\/\/www.eckler.ca\/#website","url":"https:\/\/www.eckler.ca\/","name":"Eckler","description":"People-Powered Insights","potentialAction":[{"@type":"SearchAction","target":{"@type":"EntryPoint","urlTemplate":"https:\/\/www.eckler.ca\/?s={search_term_string}"},"query-input":{"@type":"PropertyValueSpecification","valueRequired":true,"valueName":"search_term_string"}}],"inLanguage":"fr-FR"},{"@type":"Person","@id":"https:\/\/www.eckler.ca\/#\/schema\/person\/c4263423d670653f62769e3d8a19b9b0","name":"Nancy Lee Martin","image":{"@type":"ImageObject","inLanguage":"fr-FR","@id":"https:\/\/www.eckler.ca\/#\/schema\/person\/image\/","url":"https:\/\/secure.gravatar.com\/avatar\/69c3738de0ffcd52e3e7c97bee31d8bb5df74bf0a3dafa202c297e891122f64a?s=96&d=mm&r=g","contentUrl":"https:\/\/secure.gravatar.com\/avatar\/69c3738de0ffcd52e3e7c97bee31d8bb5df74bf0a3dafa202c297e891122f64a?s=96&d=mm&r=g","caption":"Nancy Lee Martin"},"url":"https:\/\/www.eckler.ca\/fr\/author\/nlmartin\/"}]}},"_links":{"self":[{"href":"https:\/\/www.eckler.ca\/fr\/wp-json\/wp\/v2\/posts\/7081","targetHints":{"allow":["GET"]}}],"collection":[{"href":"https:\/\/www.eckler.ca\/fr\/wp-json\/wp\/v2\/posts"}],"about":[{"href":"https:\/\/www.eckler.ca\/fr\/wp-json\/wp\/v2\/types\/post"}],"author":[{"embeddable":true,"href":"https:\/\/www.eckler.ca\/fr\/wp-json\/wp\/v2\/users\/3"}],"replies":[{"embeddable":true,"href":"https:\/\/www.eckler.ca\/fr\/wp-json\/wp\/v2\/comments?post=7081"}],"version-history":[{"count":8,"href":"https:\/\/www.eckler.ca\/fr\/wp-json\/wp\/v2\/posts\/7081\/revisions"}],"predecessor-version":[{"id":7090,"href":"https:\/\/www.eckler.ca\/fr\/wp-json\/wp\/v2\/posts\/7081\/revisions\/7090"}],"wp:featuredmedia":[{"embeddable":true,"href":"https:\/\/www.eckler.ca\/fr\/wp-json\/wp\/v2\/media\/1876"}],"wp:attachment":[{"href":"https:\/\/www.eckler.ca\/fr\/wp-json\/wp\/v2\/media?parent=7081"}],"wp:term":[{"taxonomy":"category","embeddable":true,"href":"https:\/\/www.eckler.ca\/fr\/wp-json\/wp\/v2\/categories?post=7081"},{"taxonomy":"post_tag","embeddable":true,"href":"https:\/\/www.eckler.ca\/fr\/wp-json\/wp\/v2\/tags?post=7081"}],"curies":[{"name":"wp","href":"https:\/\/api.w.org\/{rel}","templated":true}]}}