{"id":6239,"date":"2020-06-16T11:59:22","date_gmt":"2020-06-16T15:59:22","guid":{"rendered":"https:\/\/www.eckler.ca\/eckler-nomme-de-nouveaux-directeurs\/"},"modified":"2021-05-25T15:23:03","modified_gmt":"2021-05-25T19:23:03","slug":"eckler-nomme-de-nouveaux-directeurs","status":"publish","type":"post","link":"https:\/\/www.eckler.ca\/fr\/eckler-nomme-de-nouveaux-directeurs\/","title":{"rendered":"Eckler nomme de nouveaux directeurs"},"content":{"rendered":"<div class=\"wpb-content-wrapper\"><p>[vc_row][vc_column][basic_container container_size=&#8221;container container-narrow&#8221;][vc_column_text]<\/p>\n<h2>En tant que cabinet de services d\u2019actuariat et de consultation ind\u00e9pendant de premier plan au Canada, Eckler est g\u00e9r\u00e9 par ses directeurs actifs partout au Canada et dans les Cara\u00efbes. Nous sommes heureux d\u2019annoncer nos plus r\u00e9centes nominations au poste de directeur dans nos pratiques des r\u00e9gimes de retraite et des avantages sociaux et d\u2019assurance dommages.<\/h2>\n<p>[\/vc_column_text][\/basic_container][basic_container container_size=&#8221;container container-narrow&#8221;][vc_column_text]<\/p>\n<p>&nbsp;<\/p>\n<h3><\/h3>\n<p><img loading=\"lazy\" decoding=\"async\" class=\"size-full wp-image-6206 alignleft\" src=\"https:\/\/www.eckler.ca\/app\/uploads\/2020\/05\/Jeff-1.png\" alt=\"\" width=\"367\" height=\"264\" srcset=\"https:\/\/www.eckler.ca\/app\/uploads\/2020\/05\/Jeff-1.png 367w, https:\/\/www.eckler.ca\/app\/uploads\/2020\/05\/Jeff-1-300x216.png 300w\" sizes=\"auto, (max-width: 367px) 100vw, 367px\" \/><\/p>\n<h3><span style=\"color: #063d58;\"><strong>Jeff Bradley<\/strong><\/span><\/h3>\n<p>Conseiller principal dans notre pratique des r\u00e9gimes de retraite et d\u2019avantages sociaux, Jeff s\u2019est joint \u00e0 Eckler en 2007. Sp\u00e9cialis\u00e9 en r\u00e9gimes de retraite interentreprises (RRI), Jeff conseille un grand nombre de clients RRI d\u2019envergure, participant extensivement aux \u00e9valuations de capitalisation et de solvabilit\u00e9, \u00e0 la conception de r\u00e9gimes, aux \u00e9valuations de durabilit\u00e9, aux fusions de r\u00e9gimes, aux n\u00e9gociations et \u00e0 l\u2019administration. Pour de nombreux clients, Jeff offre des formations sur les fiduciaires et pr\u00e9sente lors de r\u00e9unions de participants aux r\u00e9gimes.<\/p>\n<p>Actif dans la profession, Jeff a cr\u00e9\u00e9 du contenu pour les \u00e9valuations de la Society of Actuaries et a si\u00e9g\u00e9 \u00e0 des comit\u00e9s d\u2019examens d\u2019actuariat et de formation en actuariat. Il collabore \u00e9galement avec des coordonnateurs de programmes universitaires pour fournir des renseignements sur le secteur et am\u00e9liorer les offres de programmes. Jeff partage souvent son exp\u00e9rience avec de futurs actuaires et a jou\u00e9 un r\u00f4le d\u00e9terminant dans le recrutement de nouveaux talents pour Eckler.<\/p>\n<p>Jeff a obtenu un baccalaur\u00e9at \u00e8s sciences avec sp\u00e9cialisation en actuariat de la Western University. Il est devenu un Fellow de la Society of Actuaries (FSA) et de l\u2019Institut canadien des actuaires (FICA) en 2012.<\/p>\n<p>[\/vc_column_text][vc_column_text]<\/p>\n<h3><span style=\"color: #063d58;\"><strong>Ken Coelho<\/strong><\/span><\/h3>\n<p><img loading=\"lazy\" decoding=\"async\" class=\"alignright size-full wp-image-6208\" src=\"https:\/\/www.eckler.ca\/app\/uploads\/2020\/05\/Ken-1.png\" alt=\"\" width=\"367\" height=\"264\" srcset=\"https:\/\/www.eckler.ca\/app\/uploads\/2020\/05\/Ken-1.png 367w, https:\/\/www.eckler.ca\/app\/uploads\/2020\/05\/Ken-1-300x216.png 300w\" sizes=\"auto, (max-width: 367px) 100vw, 367px\" \/><\/p>\n<p>Ken poss\u00e8de 20 ans d\u2019exp\u00e9rience dans le secteur des r\u00e9gimes de retraite, dont 14 pour le compte d\u2019Eckler. Il est l\u2019une des rares personnes dans notre secteur \u00e0 r\u00e9unir des connaissances pouss\u00e9es en actuariat, une compr\u00e9hension de la conception des r\u00e9gimes de retraite et une expertise en technologie de l\u2019information. Il se sp\u00e9cialise dans la conception et la mise en \u0153uvre d\u2019applications Web destin\u00e9es aux participants, d\u2019outils de mod\u00e9lisation actuarielle et d\u2019\u00e9valuation de co\u00fbts complexes ainsi que de calculateurs de rentes en ligne.<\/p>\n<p>Depuis son arriv\u00e9e chez Eckler, Ken a jou\u00e9 un r\u00f4le essentiel dans le d\u00e9veloppement d\u2019outils et de logiciels actuariels avant-gardistes pour nos clients et nos employ\u00e9s. Ken a cr\u00e9\u00e9 de nombreux outils novateurs utilis\u00e9s par nos conseillers pour offrir \u00e0 nos clients de diff\u00e9rents secteurs des r\u00e9sultats de qualit\u00e9 sup\u00e9rieure.<\/p>\n<p>Ken a obtenu un baccalaur\u00e9at \u00e8s sciences avec sp\u00e9cialisation en actuariat, math\u00e9matiques et \u00e9conomie de l\u2019Universit\u00e9 de Toronto en 1999.<\/p>\n<p>[\/vc_column_text]<div class=\"clearfix global-margin-y\"><\/div>[vc_column_text]<\/p>\n<h3><\/h3>\n<p><img loading=\"lazy\" decoding=\"async\" class=\"size-full wp-image-6204 alignleft\" src=\"https:\/\/www.eckler.ca\/app\/uploads\/2020\/05\/Felix-3.png\" alt=\"\" width=\"367\" height=\"264\" srcset=\"https:\/\/www.eckler.ca\/app\/uploads\/2020\/05\/Felix-3.png 367w, https:\/\/www.eckler.ca\/app\/uploads\/2020\/05\/Felix-3-300x216.png 300w\" sizes=\"auto, (max-width: 367px) 100vw, 367px\" \/><\/p>\n<h3><span style=\"color: #063d58;\"><strong>F\u00e9lix Patry<\/strong><\/span><\/h3>\n<p>Conseiller principal de l\u2019\u00e9quipe Assurance dommages de Montr\u00e9al, F\u00e9lix s\u2019est joint au cabinet en 2014. Sp\u00e9cialiste actuariel de divers produits d\u2019assurance, F\u00e9lix poss\u00e8de une connaissance approfondie des rapports financiers et des examens de suffisance du capital.<\/p>\n<p>F\u00e9lix g\u00e8re une longue liste de clients et participe \u00e0 un tr\u00e8s grand nombre de mandats d\u2019actuaire d\u00e9sign\u00e9. En tant que Fellow, il effectue des examens ind\u00e9pendants par les pairs et signe des rapports d\u2019\u00e9valuation. Il a \u00e9galement contribu\u00e9 \u00e0 la croissance du cabinet dans le secteur des garanties prolong\u00e9es. Parfaitement bilingue, F\u00e9lix offre des services en anglais et en fran\u00e7ais aux clients d\u2019Eckler.<\/p>\n<p>Dipl\u00f4m\u00e9 de l\u2019Universit\u00e9 Laval, F\u00e9lix d\u00e9tient un baccalaur\u00e9at en actuariat (B. SC.). Il est devenu un Fellow de la Casualty Actuarial Society (FCAS) en 2010 et de l\u2019Institut canadien des actuaires (FICA) en 2011.<\/p>\n<p>[\/vc_column_text][vc_column_text]<\/p>\n<h3><\/h3>\n<h3><span style=\"color: #063d58;\"><strong>Kyle Weeden<\/strong><\/span><\/h3>\n<p><img loading=\"lazy\" decoding=\"async\" class=\"alignright size-full wp-image-6210\" src=\"https:\/\/www.eckler.ca\/app\/uploads\/2020\/05\/Kyle-4.png\" alt=\"\" width=\"367\" height=\"264\" srcset=\"https:\/\/www.eckler.ca\/app\/uploads\/2020\/05\/Kyle-4.png 367w, https:\/\/www.eckler.ca\/app\/uploads\/2020\/05\/Kyle-4-300x216.png 300w\" sizes=\"auto, (max-width: 367px) 100vw, 367px\" \/><\/p>\n<p>Conseiller principal en investissement pour notre bureau d\u2019Halifax, Kyle s\u2019est joint \u00e0 Eckler en 2011. Il offre des services en mati\u00e8re de r\u00e9gimes de retraite, de fondations, de fonds de dotation et de fiducie \u00e0 des clients d\u2019Eckler partout au Canada, en plus de prodiguer des conseils dans les domaines de l\u2019\u00e9laboration et de la mise en \u0153uvre de politiques et des structures de gouvernance. Kyle joue un r\u00f4le pr\u00e9pond\u00e9rant dans la pratique de consultation pour les services de gestion d\u00e9l\u00e9gu\u00e9e (OCIO). \u00c0 cet effet, il a r\u00e9alis\u00e9 quelques-unes des plus importantes recherches de fournisseurs de services de gestion d\u00e9l\u00e9gu\u00e9e au Canada.<\/p>\n<p>Kyle si\u00e8ge au conseil de la CFA Atlantic Society et organise le D\u00e9fi annuel de la recherche de la CFA pour les universit\u00e9s canadiennes de l\u2019Atlantique. Il fait \u00e9galement du b\u00e9n\u00e9volat en tant que membre du Comit\u00e9 consultatif sur la politique d\u2019investissement de la Municipalit\u00e9 r\u00e9gionale d\u2019Halifax (MRH) qui est charg\u00e9 des actifs d\u2019exploitation de la MRH.<\/p>\n<p>Kyle d\u00e9tient un baccalaur\u00e9at en commerce avec distinction de l\u2019Universit\u00e9 Dalhousie. Il a \u00e9galement obtenu le titre d\u2019analyste financier agr\u00e9\u00e9, la d\u00e9signation de Chartered Alternative Investment Analyst (CAIA) et la certification Financial Risk Manager (FRM).<\/p>\n<p>[\/vc_column_text][\/basic_container][\/vc_column][\/vc_row][vc_row][vc_column][basic_container container_size=&#8221;container container-narrow&#8221;][vc_column_text]<\/p>\n<blockquote>\n<h4><span style=\"color: #063d58;\"><strong>Nous f\u00e9licitons Jeff, F\u00e9lix, Ken et Kyle pour leur nomination. Nous savons qu\u2019ils aideront \u00e0 faire cro\u00eetre notre entreprise et continueront d\u2019offrir les r\u00e9sultats sup\u00e9rieurs auxquels nos clients s\u2019attendent. <\/strong><\/span><\/h4>\n<\/blockquote>\n<p>[\/vc_column_text][\/basic_container][\/vc_column][\/vc_row]<\/p>\n<\/div>","protected":false},"excerpt":{"rendered":"<p>En tant que cabinet de services d\u2019actuariat et de consultation ind\u00e9pendant de premier plan au Canada, Eckler est g\u00e9r\u00e9 par ses directeurs actifs partout au Canada et dans les Cara\u00efbes. &hellip; [&#8230;]<\/p>\n","protected":false},"author":3,"featured_media":370,"comment_status":"closed","ping_status":"closed","sticky":false,"template":"","format":"standard","meta":{"_acf_changed":false,"footnotes":""},"categories":[199],"tags":[],"class_list":["post-6239","post","type-post","status-publish","format-standard","has-post-thumbnail","hentry","category-actualites-entreprise"],"acf":[],"yoast_head":"<!-- This site is optimized with the Yoast SEO Premium plugin v26.8 (Yoast SEO v26.8) - https:\/\/yoast.com\/product\/yoast-seo-premium-wordpress\/ -->\n<title>Eckler nomme de nouveaux directeurs - Eckler<\/title>\n<meta name=\"robots\" content=\"index, follow, max-snippet:-1, max-image-preview:large, max-video-preview:-1\" \/>\n<link rel=\"canonical\" href=\"https:\/\/www.eckler.ca\/fr\/eckler-nomme-de-nouveaux-directeurs\/\" \/>\n<meta property=\"og:locale\" content=\"fr_FR\" \/>\n<meta property=\"og:type\" content=\"article\" \/>\n<meta property=\"og:title\" content=\"Eckler nomme de nouveaux directeurs\" \/>\n<meta property=\"og:description\" content=\"En tant que cabinet de services d\u2019actuariat et de consultation ind\u00e9pendant de premier plan au Canada, Eckler est g\u00e9r\u00e9 par ses directeurs actifs partout au Canada et dans les Cara\u00efbes. &hellip; [...]\" \/>\n<meta property=\"og:url\" content=\"https:\/\/www.eckler.ca\/fr\/eckler-nomme-de-nouveaux-directeurs\/\" \/>\n<meta property=\"og:site_name\" content=\"Eckler\" \/>\n<meta property=\"article:published_time\" content=\"2020-06-16T15:59:22+00:00\" \/>\n<meta property=\"article:modified_time\" content=\"2021-05-25T19:23:03+00:00\" \/>\n<meta property=\"og:image\" content=\"https:\/\/www.eckler.ca\/app\/uploads\/2019\/03\/humanizing.jpg\" \/>\n\t<meta property=\"og:image:width\" content=\"720\" \/>\n\t<meta property=\"og:image:height\" content=\"860\" \/>\n\t<meta property=\"og:image:type\" content=\"image\/jpeg\" \/>\n<meta name=\"author\" content=\"Nancy Lee Martin\" \/>\n<meta name=\"twitter:card\" content=\"summary_large_image\" \/>\n<meta name=\"twitter:label1\" content=\"Written by\" \/>\n\t<meta name=\"twitter:data1\" content=\"Nancy Lee Martin\" \/>\n\t<meta name=\"twitter:label2\" content=\"Est. reading time\" \/>\n\t<meta name=\"twitter:data2\" content=\"5 minutes\" \/>\n<script type=\"application\/ld+json\" class=\"yoast-schema-graph\">{\"@context\":\"https:\/\/schema.org\",\"@graph\":[{\"@type\":\"Article\",\"@id\":\"https:\/\/www.eckler.ca\/fr\/eckler-nomme-de-nouveaux-directeurs\/#article\",\"isPartOf\":{\"@id\":\"https:\/\/www.eckler.ca\/fr\/eckler-nomme-de-nouveaux-directeurs\/\"},\"author\":{\"name\":\"Nancy Lee Martin\",\"@id\":\"https:\/\/www.eckler.ca\/#\/schema\/person\/c4263423d670653f62769e3d8a19b9b0\"},\"headline\":\"Eckler nomme de nouveaux directeurs\",\"datePublished\":\"2020-06-16T15:59:22+00:00\",\"dateModified\":\"2021-05-25T19:23:03+00:00\",\"mainEntityOfPage\":{\"@id\":\"https:\/\/www.eckler.ca\/fr\/eckler-nomme-de-nouveaux-directeurs\/\"},\"wordCount\":956,\"image\":{\"@id\":\"https:\/\/www.eckler.ca\/fr\/eckler-nomme-de-nouveaux-directeurs\/#primaryimage\"},\"thumbnailUrl\":\"https:\/\/www.eckler.ca\/app\/uploads\/2019\/03\/humanizing.jpg\",\"articleSection\":[\"Actualit\u00e9s - Entreprise\"],\"inLanguage\":\"fr-FR\"},{\"@type\":\"WebPage\",\"@id\":\"https:\/\/www.eckler.ca\/fr\/eckler-nomme-de-nouveaux-directeurs\/\",\"url\":\"https:\/\/www.eckler.ca\/fr\/eckler-nomme-de-nouveaux-directeurs\/\",\"name\":\"Eckler nomme de nouveaux directeurs - Eckler\",\"isPartOf\":{\"@id\":\"https:\/\/www.eckler.ca\/#website\"},\"primaryImageOfPage\":{\"@id\":\"https:\/\/www.eckler.ca\/fr\/eckler-nomme-de-nouveaux-directeurs\/#primaryimage\"},\"image\":{\"@id\":\"https:\/\/www.eckler.ca\/fr\/eckler-nomme-de-nouveaux-directeurs\/#primaryimage\"},\"thumbnailUrl\":\"https:\/\/www.eckler.ca\/app\/uploads\/2019\/03\/humanizing.jpg\",\"datePublished\":\"2020-06-16T15:59:22+00:00\",\"dateModified\":\"2021-05-25T19:23:03+00:00\",\"author\":{\"@id\":\"https:\/\/www.eckler.ca\/#\/schema\/person\/c4263423d670653f62769e3d8a19b9b0\"},\"breadcrumb\":{\"@id\":\"https:\/\/www.eckler.ca\/fr\/eckler-nomme-de-nouveaux-directeurs\/#breadcrumb\"},\"inLanguage\":\"fr-FR\",\"potentialAction\":[{\"@type\":\"ReadAction\",\"target\":[\"https:\/\/www.eckler.ca\/fr\/eckler-nomme-de-nouveaux-directeurs\/\"]}]},{\"@type\":\"ImageObject\",\"inLanguage\":\"fr-FR\",\"@id\":\"https:\/\/www.eckler.ca\/fr\/eckler-nomme-de-nouveaux-directeurs\/#primaryimage\",\"url\":\"https:\/\/www.eckler.ca\/app\/uploads\/2019\/03\/humanizing.jpg\",\"contentUrl\":\"https:\/\/www.eckler.ca\/app\/uploads\/2019\/03\/humanizing.jpg\",\"width\":720,\"height\":860,\"caption\":\"Meeting at a workplace\"},{\"@type\":\"BreadcrumbList\",\"@id\":\"https:\/\/www.eckler.ca\/fr\/eckler-nomme-de-nouveaux-directeurs\/#breadcrumb\",\"itemListElement\":[{\"@type\":\"ListItem\",\"position\":1,\"name\":\"Accueil\",\"item\":\"https:\/\/www.eckler.ca\/fr\/\"},{\"@type\":\"ListItem\",\"position\":2,\"name\":\"Blogue\",\"item\":\"https:\/\/www.eckler.ca\/fr\/eckler-nomme-de-nouveaux-directeurs\/\"},{\"@type\":\"ListItem\",\"position\":3,\"name\":\"Eckler nomme de nouveaux directeurs\"}]},{\"@type\":\"WebSite\",\"@id\":\"https:\/\/www.eckler.ca\/#website\",\"url\":\"https:\/\/www.eckler.ca\/\",\"name\":\"Eckler\",\"description\":\"People-Powered Insights\",\"potentialAction\":[{\"@type\":\"SearchAction\",\"target\":{\"@type\":\"EntryPoint\",\"urlTemplate\":\"https:\/\/www.eckler.ca\/?s={search_term_string}\"},\"query-input\":{\"@type\":\"PropertyValueSpecification\",\"valueRequired\":true,\"valueName\":\"search_term_string\"}}],\"inLanguage\":\"fr-FR\"},{\"@type\":\"Person\",\"@id\":\"https:\/\/www.eckler.ca\/#\/schema\/person\/c4263423d670653f62769e3d8a19b9b0\",\"name\":\"Nancy Lee Martin\",\"image\":{\"@type\":\"ImageObject\",\"inLanguage\":\"fr-FR\",\"@id\":\"https:\/\/www.eckler.ca\/#\/schema\/person\/image\/\",\"url\":\"https:\/\/secure.gravatar.com\/avatar\/69c3738de0ffcd52e3e7c97bee31d8bb5df74bf0a3dafa202c297e891122f64a?s=96&d=mm&r=g\",\"contentUrl\":\"https:\/\/secure.gravatar.com\/avatar\/69c3738de0ffcd52e3e7c97bee31d8bb5df74bf0a3dafa202c297e891122f64a?s=96&d=mm&r=g\",\"caption\":\"Nancy Lee Martin\"},\"url\":\"https:\/\/www.eckler.ca\/fr\/author\/nlmartin\/\"}]}<\/script>\n<!-- \/ Yoast SEO Premium plugin. -->","yoast_head_json":{"title":"Eckler nomme de nouveaux directeurs - Eckler","robots":{"index":"index","follow":"follow","max-snippet":"max-snippet:-1","max-image-preview":"max-image-preview:large","max-video-preview":"max-video-preview:-1"},"canonical":"https:\/\/www.eckler.ca\/fr\/eckler-nomme-de-nouveaux-directeurs\/","og_locale":"fr_FR","og_type":"article","og_title":"Eckler nomme de nouveaux directeurs","og_description":"En tant que cabinet de services d\u2019actuariat et de consultation ind\u00e9pendant de premier plan au Canada, Eckler est g\u00e9r\u00e9 par ses directeurs actifs partout au Canada et dans les Cara\u00efbes. &hellip; [...]","og_url":"https:\/\/www.eckler.ca\/fr\/eckler-nomme-de-nouveaux-directeurs\/","og_site_name":"Eckler","article_published_time":"2020-06-16T15:59:22+00:00","article_modified_time":"2021-05-25T19:23:03+00:00","og_image":[{"width":720,"height":860,"url":"https:\/\/www.eckler.ca\/app\/uploads\/2019\/03\/humanizing.jpg","type":"image\/jpeg"}],"author":"Nancy Lee Martin","twitter_card":"summary_large_image","twitter_misc":{"Written by":"Nancy Lee Martin","Est. reading time":"5 minutes"},"schema":{"@context":"https:\/\/schema.org","@graph":[{"@type":"Article","@id":"https:\/\/www.eckler.ca\/fr\/eckler-nomme-de-nouveaux-directeurs\/#article","isPartOf":{"@id":"https:\/\/www.eckler.ca\/fr\/eckler-nomme-de-nouveaux-directeurs\/"},"author":{"name":"Nancy Lee Martin","@id":"https:\/\/www.eckler.ca\/#\/schema\/person\/c4263423d670653f62769e3d8a19b9b0"},"headline":"Eckler nomme de nouveaux directeurs","datePublished":"2020-06-16T15:59:22+00:00","dateModified":"2021-05-25T19:23:03+00:00","mainEntityOfPage":{"@id":"https:\/\/www.eckler.ca\/fr\/eckler-nomme-de-nouveaux-directeurs\/"},"wordCount":956,"image":{"@id":"https:\/\/www.eckler.ca\/fr\/eckler-nomme-de-nouveaux-directeurs\/#primaryimage"},"thumbnailUrl":"https:\/\/www.eckler.ca\/app\/uploads\/2019\/03\/humanizing.jpg","articleSection":["Actualit\u00e9s - Entreprise"],"inLanguage":"fr-FR"},{"@type":"WebPage","@id":"https:\/\/www.eckler.ca\/fr\/eckler-nomme-de-nouveaux-directeurs\/","url":"https:\/\/www.eckler.ca\/fr\/eckler-nomme-de-nouveaux-directeurs\/","name":"Eckler nomme de nouveaux directeurs - Eckler","isPartOf":{"@id":"https:\/\/www.eckler.ca\/#website"},"primaryImageOfPage":{"@id":"https:\/\/www.eckler.ca\/fr\/eckler-nomme-de-nouveaux-directeurs\/#primaryimage"},"image":{"@id":"https:\/\/www.eckler.ca\/fr\/eckler-nomme-de-nouveaux-directeurs\/#primaryimage"},"thumbnailUrl":"https:\/\/www.eckler.ca\/app\/uploads\/2019\/03\/humanizing.jpg","datePublished":"2020-06-16T15:59:22+00:00","dateModified":"2021-05-25T19:23:03+00:00","author":{"@id":"https:\/\/www.eckler.ca\/#\/schema\/person\/c4263423d670653f62769e3d8a19b9b0"},"breadcrumb":{"@id":"https:\/\/www.eckler.ca\/fr\/eckler-nomme-de-nouveaux-directeurs\/#breadcrumb"},"inLanguage":"fr-FR","potentialAction":[{"@type":"ReadAction","target":["https:\/\/www.eckler.ca\/fr\/eckler-nomme-de-nouveaux-directeurs\/"]}]},{"@type":"ImageObject","inLanguage":"fr-FR","@id":"https:\/\/www.eckler.ca\/fr\/eckler-nomme-de-nouveaux-directeurs\/#primaryimage","url":"https:\/\/www.eckler.ca\/app\/uploads\/2019\/03\/humanizing.jpg","contentUrl":"https:\/\/www.eckler.ca\/app\/uploads\/2019\/03\/humanizing.jpg","width":720,"height":860,"caption":"Meeting at a workplace"},{"@type":"BreadcrumbList","@id":"https:\/\/www.eckler.ca\/fr\/eckler-nomme-de-nouveaux-directeurs\/#breadcrumb","itemListElement":[{"@type":"ListItem","position":1,"name":"Accueil","item":"https:\/\/www.eckler.ca\/fr\/"},{"@type":"ListItem","position":2,"name":"Blogue","item":"https:\/\/www.eckler.ca\/fr\/eckler-nomme-de-nouveaux-directeurs\/"},{"@type":"ListItem","position":3,"name":"Eckler nomme de nouveaux directeurs"}]},{"@type":"WebSite","@id":"https:\/\/www.eckler.ca\/#website","url":"https:\/\/www.eckler.ca\/","name":"Eckler","description":"People-Powered Insights","potentialAction":[{"@type":"SearchAction","target":{"@type":"EntryPoint","urlTemplate":"https:\/\/www.eckler.ca\/?s={search_term_string}"},"query-input":{"@type":"PropertyValueSpecification","valueRequired":true,"valueName":"search_term_string"}}],"inLanguage":"fr-FR"},{"@type":"Person","@id":"https:\/\/www.eckler.ca\/#\/schema\/person\/c4263423d670653f62769e3d8a19b9b0","name":"Nancy Lee Martin","image":{"@type":"ImageObject","inLanguage":"fr-FR","@id":"https:\/\/www.eckler.ca\/#\/schema\/person\/image\/","url":"https:\/\/secure.gravatar.com\/avatar\/69c3738de0ffcd52e3e7c97bee31d8bb5df74bf0a3dafa202c297e891122f64a?s=96&d=mm&r=g","contentUrl":"https:\/\/secure.gravatar.com\/avatar\/69c3738de0ffcd52e3e7c97bee31d8bb5df74bf0a3dafa202c297e891122f64a?s=96&d=mm&r=g","caption":"Nancy Lee Martin"},"url":"https:\/\/www.eckler.ca\/fr\/author\/nlmartin\/"}]}},"_links":{"self":[{"href":"https:\/\/www.eckler.ca\/fr\/wp-json\/wp\/v2\/posts\/6239","targetHints":{"allow":["GET"]}}],"collection":[{"href":"https:\/\/www.eckler.ca\/fr\/wp-json\/wp\/v2\/posts"}],"about":[{"href":"https:\/\/www.eckler.ca\/fr\/wp-json\/wp\/v2\/types\/post"}],"author":[{"embeddable":true,"href":"https:\/\/www.eckler.ca\/fr\/wp-json\/wp\/v2\/users\/3"}],"replies":[{"embeddable":true,"href":"https:\/\/www.eckler.ca\/fr\/wp-json\/wp\/v2\/comments?post=6239"}],"version-history":[{"count":4,"href":"https:\/\/www.eckler.ca\/fr\/wp-json\/wp\/v2\/posts\/6239\/revisions"}],"predecessor-version":[{"id":6257,"href":"https:\/\/www.eckler.ca\/fr\/wp-json\/wp\/v2\/posts\/6239\/revisions\/6257"}],"wp:featuredmedia":[{"embeddable":true,"href":"https:\/\/www.eckler.ca\/fr\/wp-json\/wp\/v2\/media\/370"}],"wp:attachment":[{"href":"https:\/\/www.eckler.ca\/fr\/wp-json\/wp\/v2\/media?parent=6239"}],"wp:term":[{"taxonomy":"category","embeddable":true,"href":"https:\/\/www.eckler.ca\/fr\/wp-json\/wp\/v2\/categories?post=6239"},{"taxonomy":"post_tag","embeddable":true,"href":"https:\/\/www.eckler.ca\/fr\/wp-json\/wp\/v2\/tags?post=6239"}],"curies":[{"name":"wp","href":"https:\/\/api.w.org\/{rel}","templated":true}]}}