{"id":19498,"date":"2026-04-29T08:00:02","date_gmt":"2026-04-29T12:00:02","guid":{"rendered":"https:\/\/www.eckler.ca\/concevoir-des-systemes-de-remuneration-globale-coherents-une-serie-de-webinaires-en-trois-parties\/"},"modified":"2026-04-29T13:14:25","modified_gmt":"2026-04-29T17:14:25","slug":"concevoir-des-systemes-de-remuneration-globale-coherents-une-serie-de-webinaires-en-trois-parties","status":"publish","type":"post","link":"https:\/\/www.eckler.ca\/fr\/concevoir-des-systemes-de-remuneration-globale-coherents-une-serie-de-webinaires-en-trois-parties\/","title":{"rendered":"Concevoir des syst\u00e8mes de r\u00e9mun\u00e9ration globale coh\u00e9rents. Une s\u00e9rie de webinaires en trois parties"},"content":{"rendered":"<div class=\"wpb-content-wrapper\"><p>[vc_row][vc_column][basic_container container_size=&#8221;container container-narrow&#8221;][\/basic_container][basic_container container_size=&#8221;container container-narrow&#8221;][vc_column_text css=&#8221;&#8221;]Pour les employ\u00e9s, la r\u00e9mun\u00e9ration, les avantages sociaux collectifs et les programmes de retraite constituent un ensemble global d\u2019avantages sociaux; pourtant, de nombreuses entreprises continuent de g\u00e9rer ces programmes de mani\u00e8re cloisonn\u00e9e.<\/p>\n<p>Rejoignez-nous pour une s\u00e9rie de webinaires en trois parties qui explore comment une approche plus int\u00e9gr\u00e9e de la r\u00e9mun\u00e9ration, des avantages sociaux collectifs, des prestations de retraite et de la communication avec les employ\u00e9s peut aider les entreprises \u00e0 prendre de meilleures d\u00e9cisions, \u00e0 renforcer leur gouvernance et \u00e0 proposer une offre de valeur plus claire et plus convaincante \u00e0 leurs employ\u00e9s.<\/p>\n<p>Au cours de ces trois sessions, les sp\u00e9cialistes d&#8217;Eckler vous montreront comment ces disciplines s&#8217;entrecroisent dans la pratique et comment l&#8217;alignement des donn\u00e9es, de la strat\u00e9gie et de la communication conduit \u00e0 de meilleurs r\u00e9sultats tant pour les employeurs que pour les employ\u00e9s.[\/vc_column_text][vc_empty_space height=&#8221;10px&#8221;][vc_column_text css=&#8221;&#8221;]<\/p>\n<blockquote>\n<h4><span style=\"color: #063d58;\"><strong>Inscrivez-vous<\/strong> d\u00e8s maintenant pour d\u00e9couvrir comment une approche int\u00e9gr\u00e9e et ax\u00e9e sur les donn\u00e9es peut aider votre organisation \u00e0 concevoir, comparer et communiquer sa r\u00e9mun\u00e9ration globale en toute confiance.<\/span><\/h4>\n<\/blockquote>\n<p>[\/vc_column_text][vc_empty_space][\/basic_container][basic_container container_size=&#8221;container container-narrow&#8221;][vc_text_separator title=&#8221;S\u00e9ance 1&#8243; color=&#8221;custom&#8221; border_width=&#8221;5&#8243; css=&#8221;&#8221; font=&#8221;big&#8221; accent_color=&#8221;#d11d58&#8243;][vc_column_text css=&#8221;&#8221;]<\/p>\n<h2><span style=\"color: #063d58;\"><strong>Une r\u00e9mun\u00e9ration globale sans cloisonnement : relier la r\u00e9mun\u00e9ration, les avantages sociaux et la strat\u00e9gie de retraite<\/strong><\/span><\/h2>\n<p><strong><span style=\"color: #d11d58;\">13 mai | de 13 h \u00e0 14 h (heure de l&#8217;Est)<\/span><\/strong><\/p>\n<p>Une strat\u00e9gie globale de r\u00e9mun\u00e9ration commence par une bonne compr\u00e9hension de la mani\u00e8re dont la r\u00e9mun\u00e9ration, les avantages sociaux et les r\u00e9gimes de retraite s&#8217;articulent entre eux.<\/p>\n<p>Au cours de cette session, nous aborderons les points suivants\u00a0:[\/vc_column_text][vc_column_text css=&#8221;&#8221;]<\/p>\n<ul>\n<li>Comment les programmes de r\u00e9mun\u00e9ration, d&#8217;avantages sociaux collectifs et de retraite s&#8217;influencent-ils mutuellement<\/li>\n<li>Pourquoi un manque de coh\u00e9rence engendre des risques, de la confusion et une perte de valeur<\/li>\n<li>Le r\u00f4le des donn\u00e9es de march\u00e9 et de l&#8217;analyse comparative dans l&#8217;\u00e9tablissement des bases<\/li>\n<\/ul>\n<p>[\/vc_column_text][vc_empty_space height=&#8221;25px&#8221;]\t<div class=\"text-center\">\n\t\t<a class=\"general-button btn btn-info btn-solid\" href=\"https:\/\/us02web.zoom.us\/webinar\/register\/WN_kwL_-eGSRpSPgMQxIKRvww#\/registration\" rel=\"\" target=\"_blank\" title=\"Inscrivez-vous d\u00e8s maintenant!\">\n\t\t\t<span class=\"icon icon-desktop-monitor-cursor\"><\/span> Inscrivez-vous d\u00e8s maintenant!\t\t<\/a>\n\t<\/div>\n[vc_empty_space height=&#8221;25px&#8221;][vc_column_text css=&#8221;&#8221;]<strong><img loading=\"lazy\" decoding=\"async\" class=\"alignleft size-thumbnail wp-image-9000\" src=\"https:\/\/www.eckler.ca\/app\/uploads\/2023\/04\/Deirdre.png\" alt=\"Head and shoulders picture of Deirdre.\" width=\"150\" height=\"150\" \/><\/strong><br \/>\n<a href=\"https:\/\/www.eckler.ca\/team-members\/deirdre-chong-smith\/\" target=\"_blank\" rel=\"noopener\"><strong>Deirdre Chong Smith<\/strong><\/a><br \/>\nDirectrice, Conseil en r\u00e9mun\u00e9ration[\/vc_column_text]<div class=\"clearfix global-margin-y\"><\/div>[vc_column_text css=&#8221;&#8221;]<strong><img loading=\"lazy\" decoding=\"async\" class=\"alignleft size-thumbnail wp-image-9000\" src=\"https:\/\/www.eckler.ca\/app\/uploads\/2023\/04\/Troy.png\" alt=\"Head and shoulders picture of Troy.\" width=\"150\" height=\"150\" \/><\/strong><br \/>\n<a href=\"https:\/\/www.eckler.ca\/team-members\/troy-milnthorp\/\" target=\"_blank\" rel=\"noopener\"><strong>Troy Milnthorp<\/strong><\/a><br \/>\nDirecteur adjoint, Conseils en r\u00e9gimes de retraites[\/vc_column_text]<div class=\"clearfix global-margin-y\"><\/div>[vc_empty_space height=&#8221;10px&#8221;][vc_column_text css=&#8221;&#8221;]<strong><img loading=\"lazy\" decoding=\"async\" class=\"alignleft size-thumbnail wp-image-9000\" src=\"https:\/\/www.eckler.ca\/app\/uploads\/2023\/04\/Theresa.png\" alt=\"Head and shoulders picture of Theresa Tran.\" width=\"150\" height=\"150\" \/><\/strong><br \/>\n<a href=\"https:\/\/www.eckler.ca\/team-members\/theresa-tran\/\" target=\"_blank\" rel=\"noopener\"><strong>Theresa Tran<\/strong><\/a><br \/>\nDirectrice, Conseils en avantages sociaux collectifs[\/vc_column_text][vc_empty_space height=&#8221;25px&#8221;]<div class=\"clearfix global-margin-y\"><\/div>[vc_text_separator title=&#8221;S\u00e9ance 2&#8243; color=&#8221;custom&#8221; border_width=&#8221;5&#8243; css=&#8221;&#8221; font=&#8221;big&#8221; accent_color=&#8221;#d11d58&#8243;][vc_column_text css=&#8221;&#8221;]<\/p>\n<h2><strong>De l&#8217;analyse comparative \u00e0 de meilleures d\u00e9cisions\u00a0: utiliser les donn\u00e9es pour concevoir des programmes comp\u00e9titifs et durables<\/strong><\/h2>\n<p><strong><span style=\"color: #d11d58;\">22 octobre | de 13 h \u00e0 14 h (heure de l&#8217;Est)<\/span><\/strong><\/p>\n<p>Cette session porte sur la mani\u00e8re dont les employeurs peuvent\u00a0:[\/vc_column_text][vc_column_text css=&#8221;&#8221;]<\/p>\n<ul>\n<li>Utiliser les analyses comparatives en mati\u00e8re de r\u00e9mun\u00e9ration, ainsi que les informations sur les avantages sociaux et la retraite<\/li>\n<li>Trouver le juste \u00e9quilibre entre comp\u00e9titivit\u00e9, accessibilit\u00e9 financi\u00e8re et viabilit\u00e9<\/li>\n<li>Tirer parti de la plateforme de commerce \u00e9lectronique d&#8217;Eckler et des donn\u00e9es sur le bien-\u00eatre financier pour prendre des d\u00e9cisions fond\u00e9es sur des donn\u00e9es factuelles<\/li>\n<\/ul>\n<p>[\/vc_column_text]\t<div class=\"text-center\">\n\t\t<a class=\"general-button btn btn-info btn-solid\" href=\"https:\/\/us02web.zoom.us\/webinar\/register\/WN_0K4gzFuuSJS7m9QSiIUd1w#\/registration\" rel=\"\" target=\"_blank\" title=\"Inscrivez-vous d\u00e8s maintenant!\">\n\t\t\t<span class=\"icon icon-desktop-monitor-cursor\"><\/span> Inscrivez-vous d\u00e8s maintenant!\t\t<\/a>\n\t<\/div>\n[vc_column_text css=&#8221;&#8221;]<strong><img loading=\"lazy\" decoding=\"async\" class=\"alignleft size-thumbnail wp-image-9000\" src=\"https:\/\/www.eckler.ca\/app\/uploads\/2023\/04\/Irene.png\" alt=\"Head and shoulders picture of Irene.\" width=\"150\" height=\"150\" \/><\/strong><br \/>\n<a href=\"https:\/\/www.eckler.ca\/team-members\/irene-chan\/\" target=\"_blank\" rel=\"noopener\"><strong>Irene Chan<\/strong><\/a><br \/>\nDirectrice, Bien-\u00eatre financier et Conseil en r\u00e9gimes \u00e0 cotisations d\u00e9finies[\/vc_column_text]<div class=\"clearfix global-margin-y\"><\/div>[vc_column_text css=&#8221;&#8221;]<strong><img loading=\"lazy\" decoding=\"async\" class=\"alignleft size-thumbnail wp-image-9000\" src=\"https:\/\/www.eckler.ca\/app\/uploads\/2023\/04\/Deirdre.png\" alt=\"Head and shoulders picture of Deirdre.\" width=\"150\" height=\"150\" \/><\/strong><br \/>\n<a href=\"https:\/\/www.eckler.ca\/team-members\/deirdre-chong-smith\/\" target=\"_blank\" rel=\"noopener\"><strong>Deirdre Chong Smith<\/strong><\/a><br \/>\nDirectrice, Conseil en r\u00e9mun\u00e9ration[\/vc_column_text]<div class=\"clearfix global-margin-y\"><\/div>[vc_column_text css=&#8221;&#8221;]<strong><img loading=\"lazy\" decoding=\"async\" class=\"alignleft size-thumbnail wp-image-9000\" src=\"https:\/\/www.eckler.ca\/app\/uploads\/2023\/04\/Theresa.png\" alt=\"Head and shoulders picture of Theresa Tran.\" width=\"150\" height=\"150\" \/><\/strong><br \/>\n<a href=\"https:\/\/www.eckler.ca\/team-members\/theresa-tran\/\" target=\"_blank\" rel=\"noopener\"><strong>Theresa Tran<\/strong><\/a><br \/>\nResponsable, Avantages sociaux collectifs[\/vc_column_text][vc_empty_space height=&#8221;15px&#8221;]<div class=\"clearfix global-margin-y\"><\/div>[vc_text_separator title=&#8221;S\u00e9ance 3&#8243; color=&#8221;custom&#8221; border_width=&#8221;5&#8243; css=&#8221;&#8221; font=&#8221;big&#8221; accent_color=&#8221;#d11d58&#8243;][vc_column_text css=&#8221;&#8221;]<\/p>\n<h2><strong>Donner tout son sens \u00e0 la r\u00e9mun\u00e9ration globale\u00a0: communiquer efficacement sur les salaires, les avantages sociaux et la retraite<\/strong><\/h2>\n<p><strong><span style=\"color: #d11d58;\">18 novembre : de 13 h \u00e0 14 h (heure de l&#8217;Est)<\/span><\/strong><\/p>\n<p>M\u00eame les programmes les mieux con\u00e7us ne donnent pas les r\u00e9sultats escompt\u00e9s si les employ\u00e9s ne les comprennent pas ou n&#8217;en voient pas l&#8217;int\u00e9r\u00eat.[\/vc_column_text][vc_column_text css=&#8221;&#8221;]Lors de notre derni\u00e8re session, nous aborderons les points suivants\u00a0:[\/vc_column_text][vc_column_text css=&#8221;&#8221;]<\/p>\n<ul>\n<li>Pourquoi la communication est-elle le maillon essentiel de la r\u00e9mun\u00e9ration globale<\/li>\n<li>Aligner les strat\u00e9gies de communication sur la conception des programmes et les donn\u00e9es<\/li>\n<li>Traduire les programmes complexes de r\u00e9mun\u00e9ration, d&#8217;avantages sociaux collectifs et de retraite en messages clairs destin\u00e9s aux employ\u00e9s<\/li>\n<li>Favoriser la transparence, l&#8217;engagement et la confiance<\/li>\n<\/ul>\n<p>[\/vc_column_text]\t<div class=\"text-center\">\n\t\t<a class=\"general-button btn btn-info btn-solid\" href=\"https:\/\/us02web.zoom.us\/webinar\/register\/WN_6Vxjm1pXQWSuZv57vxV32Q#\/registration\" rel=\"\" target=\"_blank\" title=\"Inscrivez-vous d\u00e8s maintenant!\">\n\t\t\t<span class=\"icon icon-desktop-monitor-cursor\"><\/span> Inscrivez-vous d\u00e8s maintenant!\t\t<\/a>\n\t<\/div>\n[vc_column_text css=&#8221;&#8221;]<strong><img loading=\"lazy\" decoding=\"async\" class=\"alignleft size-thumbnail wp-image-9000\" src=\"https:\/\/www.eckler.ca\/app\/uploads\/2023\/04\/Jacquie.png\" alt=\"Head and shoulders picture of Jacquie.\" width=\"150\" height=\"150\" \/><\/strong><br \/>\n<a href=\"https:\/\/www.eckler.ca\/team-members\/jacqueline-fabro\/\" target=\"_blank\" rel=\"noopener\"><strong>Jacquie Fabro<\/strong><\/a><br \/>\nDirectrice, Conseil en communication[\/vc_column_text][\/basic_container][\/vc_column][\/vc_row][vc_row][vc_column]<div class=\"clearfix global-margin-y\"><\/div>[vc_column_text css=&#8221;&#8221;]<\/p>\n<h4 style=\"text-align: center;\"><span style=\"color: #063d58;\">Veuillez noter que toutes les sessions se d\u00e9rouleront <strong>exclusivement en anglais<\/strong>.<\/span><\/h4>\n<p>[\/vc_column_text][\/vc_column][\/vc_row][vc_row][vc_column][\/vc_column][\/vc_row]<\/p>\n<\/div>","protected":false},"excerpt":{"rendered":"<p>The COVID-19 pandemic has shone a very bright spotlight on the long-term care industry in Canada. It has also caused us to reframe how we think about pension and benefit &hellip; [&#8230;]<\/p>\n","protected":false},"author":14,"featured_media":18261,"comment_status":"closed","ping_status":"closed","sticky":false,"template":"","format":"standard","meta":{"_acf_changed":false,"footnotes":""},"categories":[761,165],"tags":[552,498,736],"class_list":["post-19498","post","type-post","status-publish","format-standard","has-post-thumbnail","hentry","category-evenements","category-securite-financiere","tag-financial-wellness-fr","tag-pension-fr","tag-total-rewards","service-defined-benefit-pension-consulting-fr","service-consultation-en-regimes-de-retraite-et-en-avantages-sociaux","service-consultation-sur-les-regimes-a-cotisations-determinees-et-les-regimes-de-capitalisation"],"acf":[],"yoast_head":"<!-- This site is optimized with the Yoast SEO Premium plugin v26.8 (Yoast SEO v26.8) - https:\/\/yoast.com\/product\/yoast-seo-premium-wordpress\/ -->\n<title>Concevoir des syst\u00e8mes de r\u00e9mun\u00e9ration globale coh\u00e9rents. Une s\u00e9rie de webinaires en trois parties - Eckler<\/title>\n<meta name=\"description\" content=\"The COVID-19 pandemic has shone a very bright spotlight on the long-term care industry in Canada. It has also caused us to reframe how we think about pension and benefit issues for our aging workforces. In this webinar series, we will explore the cost of long-term care for Canada\u2019s aging population and how plan sponsors can help members better prepare for this phase in life.\" \/>\n<meta name=\"robots\" content=\"index, follow, max-snippet:-1, max-image-preview:large, max-video-preview:-1\" \/>\n<link rel=\"canonical\" href=\"https:\/\/www.eckler.ca\/fr\/concevoir-des-systemes-de-remuneration-globale-coherents-une-serie-de-webinaires-en-trois-parties\/\" \/>\n<meta property=\"og:locale\" content=\"fr_FR\" \/>\n<meta property=\"og:type\" content=\"article\" \/>\n<meta property=\"og:title\" content=\"Concevoir des syst\u00e8mes de r\u00e9mun\u00e9ration globale coh\u00e9rents. Une s\u00e9rie de webinaires en trois parties\" \/>\n<meta property=\"og:description\" content=\"The COVID-19 pandemic has shone a very bright spotlight on the long-term care industry in Canada. It has also caused us to reframe how we think about pension and benefit issues for our aging workforces. In this webinar series, we will explore the cost of long-term care for Canada\u2019s aging population and how plan sponsors can help members better prepare for this phase in life.\" \/>\n<meta property=\"og:url\" content=\"https:\/\/www.eckler.ca\/fr\/concevoir-des-systemes-de-remuneration-globale-coherents-une-serie-de-webinaires-en-trois-parties\/\" \/>\n<meta property=\"og:site_name\" content=\"Eckler\" \/>\n<meta property=\"article:published_time\" content=\"2026-04-29T12:00:02+00:00\" \/>\n<meta property=\"article:modified_time\" content=\"2026-04-29T17:14:25+00:00\" \/>\n<meta property=\"og:image\" content=\"https:\/\/www.eckler.ca\/app\/uploads\/2021\/08\/AdobeStock_1557133382-scaled.jpeg\" \/>\n\t<meta property=\"og:image:width\" content=\"2560\" \/>\n\t<meta property=\"og:image:height\" content=\"1435\" \/>\n\t<meta property=\"og:image:type\" content=\"image\/jpeg\" \/>\n<meta name=\"author\" content=\"Selin Ozturk\" \/>\n<meta name=\"twitter:card\" content=\"summary_large_image\" \/>\n<meta name=\"twitter:label1\" content=\"Written by\" \/>\n\t<meta name=\"twitter:data1\" content=\"Selin Ozturk\" \/>\n\t<meta name=\"twitter:label2\" content=\"Est. reading time\" \/>\n\t<meta name=\"twitter:data2\" content=\"5 minutes\" \/>\n<script type=\"application\/ld+json\" class=\"yoast-schema-graph\">{\"@context\":\"https:\/\/schema.org\",\"@graph\":[{\"@type\":\"Article\",\"@id\":\"https:\/\/www.eckler.ca\/fr\/concevoir-des-systemes-de-remuneration-globale-coherents-une-serie-de-webinaires-en-trois-parties\/#article\",\"isPartOf\":{\"@id\":\"https:\/\/www.eckler.ca\/fr\/concevoir-des-systemes-de-remuneration-globale-coherents-une-serie-de-webinaires-en-trois-parties\/\"},\"author\":{\"name\":\"Selin Ozturk\",\"@id\":\"https:\/\/www.eckler.ca\/#\/schema\/person\/91f0a59f180b75344ee4dbad354e9a27\"},\"headline\":\"Concevoir des syst\u00e8mes de r\u00e9mun\u00e9ration globale coh\u00e9rents. Une s\u00e9rie de webinaires en trois parties\",\"datePublished\":\"2026-04-29T12:00:02+00:00\",\"dateModified\":\"2026-04-29T17:14:25+00:00\",\"mainEntityOfPage\":{\"@id\":\"https:\/\/www.eckler.ca\/fr\/concevoir-des-systemes-de-remuneration-globale-coherents-une-serie-de-webinaires-en-trois-parties\/\"},\"wordCount\":1002,\"image\":{\"@id\":\"https:\/\/www.eckler.ca\/fr\/concevoir-des-systemes-de-remuneration-globale-coherents-une-serie-de-webinaires-en-trois-parties\/#primaryimage\"},\"thumbnailUrl\":\"https:\/\/www.eckler.ca\/app\/uploads\/2021\/08\/AdobeStock_1557133382-scaled.jpeg\",\"keywords\":[\"Financial wellness\",\"pension\",\"Total Rewards\"],\"articleSection\":[\"\u00e9v\u00e9nements\",\"S\u00e9curit\u00e9 financi\u00e8re\"],\"inLanguage\":\"fr-FR\"},{\"@type\":\"WebPage\",\"@id\":\"https:\/\/www.eckler.ca\/fr\/concevoir-des-systemes-de-remuneration-globale-coherents-une-serie-de-webinaires-en-trois-parties\/\",\"url\":\"https:\/\/www.eckler.ca\/fr\/concevoir-des-systemes-de-remuneration-globale-coherents-une-serie-de-webinaires-en-trois-parties\/\",\"name\":\"Concevoir des syst\u00e8mes de r\u00e9mun\u00e9ration globale coh\u00e9rents. Une s\u00e9rie de webinaires en trois parties - Eckler\",\"isPartOf\":{\"@id\":\"https:\/\/www.eckler.ca\/#website\"},\"primaryImageOfPage\":{\"@id\":\"https:\/\/www.eckler.ca\/fr\/concevoir-des-systemes-de-remuneration-globale-coherents-une-serie-de-webinaires-en-trois-parties\/#primaryimage\"},\"image\":{\"@id\":\"https:\/\/www.eckler.ca\/fr\/concevoir-des-systemes-de-remuneration-globale-coherents-une-serie-de-webinaires-en-trois-parties\/#primaryimage\"},\"thumbnailUrl\":\"https:\/\/www.eckler.ca\/app\/uploads\/2021\/08\/AdobeStock_1557133382-scaled.jpeg\",\"datePublished\":\"2026-04-29T12:00:02+00:00\",\"dateModified\":\"2026-04-29T17:14:25+00:00\",\"author\":{\"@id\":\"https:\/\/www.eckler.ca\/#\/schema\/person\/91f0a59f180b75344ee4dbad354e9a27\"},\"description\":\"The COVID-19 pandemic has shone a very bright spotlight on the long-term care industry in Canada. It has also caused us to reframe how we think about pension and benefit issues for our aging workforces. In this webinar series, we will explore the cost of long-term care for Canada\u2019s aging population and how plan sponsors can help members better prepare for this phase in life.\",\"breadcrumb\":{\"@id\":\"https:\/\/www.eckler.ca\/fr\/concevoir-des-systemes-de-remuneration-globale-coherents-une-serie-de-webinaires-en-trois-parties\/#breadcrumb\"},\"inLanguage\":\"fr-FR\",\"potentialAction\":[{\"@type\":\"ReadAction\",\"target\":[\"https:\/\/www.eckler.ca\/fr\/concevoir-des-systemes-de-remuneration-globale-coherents-une-serie-de-webinaires-en-trois-parties\/\"]}]},{\"@type\":\"ImageObject\",\"inLanguage\":\"fr-FR\",\"@id\":\"https:\/\/www.eckler.ca\/fr\/concevoir-des-systemes-de-remuneration-globale-coherents-une-serie-de-webinaires-en-trois-parties\/#primaryimage\",\"url\":\"https:\/\/www.eckler.ca\/app\/uploads\/2021\/08\/AdobeStock_1557133382-scaled.jpeg\",\"contentUrl\":\"https:\/\/www.eckler.ca\/app\/uploads\/2021\/08\/AdobeStock_1557133382-scaled.jpeg\",\"width\":2560,\"height\":1435,\"caption\":\"Laptop screen showing online video conference with notebook and coffee cup on home office desk in soft daylight ideal for remote work visuals, digital learning and virtual meeting promotions\"},{\"@type\":\"BreadcrumbList\",\"@id\":\"https:\/\/www.eckler.ca\/fr\/concevoir-des-systemes-de-remuneration-globale-coherents-une-serie-de-webinaires-en-trois-parties\/#breadcrumb\",\"itemListElement\":[{\"@type\":\"ListItem\",\"position\":1,\"name\":\"Accueil\",\"item\":\"https:\/\/www.eckler.ca\/fr\/\"},{\"@type\":\"ListItem\",\"position\":2,\"name\":\"Blogue\",\"item\":\"https:\/\/www.eckler.ca\/fr\/concevoir-des-systemes-de-remuneration-globale-coherents-une-serie-de-webinaires-en-trois-parties\/\"},{\"@type\":\"ListItem\",\"position\":3,\"name\":\"Concevoir des syst\u00e8mes de r\u00e9mun\u00e9ration globale coh\u00e9rents. Une s\u00e9rie de webinaires en trois parties\"}]},{\"@type\":\"WebSite\",\"@id\":\"https:\/\/www.eckler.ca\/#website\",\"url\":\"https:\/\/www.eckler.ca\/\",\"name\":\"Eckler\",\"description\":\"People-Powered Insights\",\"potentialAction\":[{\"@type\":\"SearchAction\",\"target\":{\"@type\":\"EntryPoint\",\"urlTemplate\":\"https:\/\/www.eckler.ca\/?s={search_term_string}\"},\"query-input\":{\"@type\":\"PropertyValueSpecification\",\"valueRequired\":true,\"valueName\":\"search_term_string\"}}],\"inLanguage\":\"fr-FR\"},{\"@type\":\"Person\",\"@id\":\"https:\/\/www.eckler.ca\/#\/schema\/person\/91f0a59f180b75344ee4dbad354e9a27\",\"name\":\"Selin Ozturk\",\"image\":{\"@type\":\"ImageObject\",\"inLanguage\":\"fr-FR\",\"@id\":\"https:\/\/www.eckler.ca\/#\/schema\/person\/image\/\",\"url\":\"https:\/\/secure.gravatar.com\/avatar\/43c9e5a3f85daffeaac2d23686762c043cd809bdfebffe359723c5576700110c?s=96&d=mm&r=g\",\"contentUrl\":\"https:\/\/secure.gravatar.com\/avatar\/43c9e5a3f85daffeaac2d23686762c043cd809bdfebffe359723c5576700110c?s=96&d=mm&r=g\",\"caption\":\"Selin Ozturk\"},\"url\":\"https:\/\/www.eckler.ca\/fr\/author\/sozturk\/\"}]}<\/script>\n<!-- \/ Yoast SEO Premium plugin. -->","yoast_head_json":{"title":"Concevoir des syst\u00e8mes de r\u00e9mun\u00e9ration globale coh\u00e9rents. Une s\u00e9rie de webinaires en trois parties - Eckler","description":"The COVID-19 pandemic has shone a very bright spotlight on the long-term care industry in Canada. It has also caused us to reframe how we think about pension and benefit issues for our aging workforces. In this webinar series, we will explore the cost of long-term care for Canada\u2019s aging population and how plan sponsors can help members better prepare for this phase in life.","robots":{"index":"index","follow":"follow","max-snippet":"max-snippet:-1","max-image-preview":"max-image-preview:large","max-video-preview":"max-video-preview:-1"},"canonical":"https:\/\/www.eckler.ca\/fr\/concevoir-des-systemes-de-remuneration-globale-coherents-une-serie-de-webinaires-en-trois-parties\/","og_locale":"fr_FR","og_type":"article","og_title":"Concevoir des syst\u00e8mes de r\u00e9mun\u00e9ration globale coh\u00e9rents. Une s\u00e9rie de webinaires en trois parties","og_description":"The COVID-19 pandemic has shone a very bright spotlight on the long-term care industry in Canada. It has also caused us to reframe how we think about pension and benefit issues for our aging workforces. In this webinar series, we will explore the cost of long-term care for Canada\u2019s aging population and how plan sponsors can help members better prepare for this phase in life.","og_url":"https:\/\/www.eckler.ca\/fr\/concevoir-des-systemes-de-remuneration-globale-coherents-une-serie-de-webinaires-en-trois-parties\/","og_site_name":"Eckler","article_published_time":"2026-04-29T12:00:02+00:00","article_modified_time":"2026-04-29T17:14:25+00:00","og_image":[{"width":2560,"height":1435,"url":"https:\/\/www.eckler.ca\/app\/uploads\/2021\/08\/AdobeStock_1557133382-scaled.jpeg","type":"image\/jpeg"}],"author":"Selin Ozturk","twitter_card":"summary_large_image","twitter_misc":{"Written by":"Selin Ozturk","Est. reading time":"5 minutes"},"schema":{"@context":"https:\/\/schema.org","@graph":[{"@type":"Article","@id":"https:\/\/www.eckler.ca\/fr\/concevoir-des-systemes-de-remuneration-globale-coherents-une-serie-de-webinaires-en-trois-parties\/#article","isPartOf":{"@id":"https:\/\/www.eckler.ca\/fr\/concevoir-des-systemes-de-remuneration-globale-coherents-une-serie-de-webinaires-en-trois-parties\/"},"author":{"name":"Selin Ozturk","@id":"https:\/\/www.eckler.ca\/#\/schema\/person\/91f0a59f180b75344ee4dbad354e9a27"},"headline":"Concevoir des syst\u00e8mes de r\u00e9mun\u00e9ration globale coh\u00e9rents. Une s\u00e9rie de webinaires en trois parties","datePublished":"2026-04-29T12:00:02+00:00","dateModified":"2026-04-29T17:14:25+00:00","mainEntityOfPage":{"@id":"https:\/\/www.eckler.ca\/fr\/concevoir-des-systemes-de-remuneration-globale-coherents-une-serie-de-webinaires-en-trois-parties\/"},"wordCount":1002,"image":{"@id":"https:\/\/www.eckler.ca\/fr\/concevoir-des-systemes-de-remuneration-globale-coherents-une-serie-de-webinaires-en-trois-parties\/#primaryimage"},"thumbnailUrl":"https:\/\/www.eckler.ca\/app\/uploads\/2021\/08\/AdobeStock_1557133382-scaled.jpeg","keywords":["Financial wellness","pension","Total Rewards"],"articleSection":["\u00e9v\u00e9nements","S\u00e9curit\u00e9 financi\u00e8re"],"inLanguage":"fr-FR"},{"@type":"WebPage","@id":"https:\/\/www.eckler.ca\/fr\/concevoir-des-systemes-de-remuneration-globale-coherents-une-serie-de-webinaires-en-trois-parties\/","url":"https:\/\/www.eckler.ca\/fr\/concevoir-des-systemes-de-remuneration-globale-coherents-une-serie-de-webinaires-en-trois-parties\/","name":"Concevoir des syst\u00e8mes de r\u00e9mun\u00e9ration globale coh\u00e9rents. Une s\u00e9rie de webinaires en trois parties - Eckler","isPartOf":{"@id":"https:\/\/www.eckler.ca\/#website"},"primaryImageOfPage":{"@id":"https:\/\/www.eckler.ca\/fr\/concevoir-des-systemes-de-remuneration-globale-coherents-une-serie-de-webinaires-en-trois-parties\/#primaryimage"},"image":{"@id":"https:\/\/www.eckler.ca\/fr\/concevoir-des-systemes-de-remuneration-globale-coherents-une-serie-de-webinaires-en-trois-parties\/#primaryimage"},"thumbnailUrl":"https:\/\/www.eckler.ca\/app\/uploads\/2021\/08\/AdobeStock_1557133382-scaled.jpeg","datePublished":"2026-04-29T12:00:02+00:00","dateModified":"2026-04-29T17:14:25+00:00","author":{"@id":"https:\/\/www.eckler.ca\/#\/schema\/person\/91f0a59f180b75344ee4dbad354e9a27"},"description":"The COVID-19 pandemic has shone a very bright spotlight on the long-term care industry in Canada. It has also caused us to reframe how we think about pension and benefit issues for our aging workforces. In this webinar series, we will explore the cost of long-term care for Canada\u2019s aging population and how plan sponsors can help members better prepare for this phase in life.","breadcrumb":{"@id":"https:\/\/www.eckler.ca\/fr\/concevoir-des-systemes-de-remuneration-globale-coherents-une-serie-de-webinaires-en-trois-parties\/#breadcrumb"},"inLanguage":"fr-FR","potentialAction":[{"@type":"ReadAction","target":["https:\/\/www.eckler.ca\/fr\/concevoir-des-systemes-de-remuneration-globale-coherents-une-serie-de-webinaires-en-trois-parties\/"]}]},{"@type":"ImageObject","inLanguage":"fr-FR","@id":"https:\/\/www.eckler.ca\/fr\/concevoir-des-systemes-de-remuneration-globale-coherents-une-serie-de-webinaires-en-trois-parties\/#primaryimage","url":"https:\/\/www.eckler.ca\/app\/uploads\/2021\/08\/AdobeStock_1557133382-scaled.jpeg","contentUrl":"https:\/\/www.eckler.ca\/app\/uploads\/2021\/08\/AdobeStock_1557133382-scaled.jpeg","width":2560,"height":1435,"caption":"Laptop screen showing online video conference with notebook and coffee cup on home office desk in soft daylight ideal for remote work visuals, digital learning and virtual meeting promotions"},{"@type":"BreadcrumbList","@id":"https:\/\/www.eckler.ca\/fr\/concevoir-des-systemes-de-remuneration-globale-coherents-une-serie-de-webinaires-en-trois-parties\/#breadcrumb","itemListElement":[{"@type":"ListItem","position":1,"name":"Accueil","item":"https:\/\/www.eckler.ca\/fr\/"},{"@type":"ListItem","position":2,"name":"Blogue","item":"https:\/\/www.eckler.ca\/fr\/concevoir-des-systemes-de-remuneration-globale-coherents-une-serie-de-webinaires-en-trois-parties\/"},{"@type":"ListItem","position":3,"name":"Concevoir des syst\u00e8mes de r\u00e9mun\u00e9ration globale coh\u00e9rents. Une s\u00e9rie de webinaires en trois parties"}]},{"@type":"WebSite","@id":"https:\/\/www.eckler.ca\/#website","url":"https:\/\/www.eckler.ca\/","name":"Eckler","description":"People-Powered Insights","potentialAction":[{"@type":"SearchAction","target":{"@type":"EntryPoint","urlTemplate":"https:\/\/www.eckler.ca\/?s={search_term_string}"},"query-input":{"@type":"PropertyValueSpecification","valueRequired":true,"valueName":"search_term_string"}}],"inLanguage":"fr-FR"},{"@type":"Person","@id":"https:\/\/www.eckler.ca\/#\/schema\/person\/91f0a59f180b75344ee4dbad354e9a27","name":"Selin Ozturk","image":{"@type":"ImageObject","inLanguage":"fr-FR","@id":"https:\/\/www.eckler.ca\/#\/schema\/person\/image\/","url":"https:\/\/secure.gravatar.com\/avatar\/43c9e5a3f85daffeaac2d23686762c043cd809bdfebffe359723c5576700110c?s=96&d=mm&r=g","contentUrl":"https:\/\/secure.gravatar.com\/avatar\/43c9e5a3f85daffeaac2d23686762c043cd809bdfebffe359723c5576700110c?s=96&d=mm&r=g","caption":"Selin Ozturk"},"url":"https:\/\/www.eckler.ca\/fr\/author\/sozturk\/"}]}},"_links":{"self":[{"href":"https:\/\/www.eckler.ca\/fr\/wp-json\/wp\/v2\/posts\/19498","targetHints":{"allow":["GET"]}}],"collection":[{"href":"https:\/\/www.eckler.ca\/fr\/wp-json\/wp\/v2\/posts"}],"about":[{"href":"https:\/\/www.eckler.ca\/fr\/wp-json\/wp\/v2\/types\/post"}],"author":[{"embeddable":true,"href":"https:\/\/www.eckler.ca\/fr\/wp-json\/wp\/v2\/users\/14"}],"replies":[{"embeddable":true,"href":"https:\/\/www.eckler.ca\/fr\/wp-json\/wp\/v2\/comments?post=19498"}],"version-history":[{"count":10,"href":"https:\/\/www.eckler.ca\/fr\/wp-json\/wp\/v2\/posts\/19498\/revisions"}],"predecessor-version":[{"id":19515,"href":"https:\/\/www.eckler.ca\/fr\/wp-json\/wp\/v2\/posts\/19498\/revisions\/19515"}],"wp:featuredmedia":[{"embeddable":true,"href":"https:\/\/www.eckler.ca\/fr\/wp-json\/wp\/v2\/media\/18261"}],"wp:attachment":[{"href":"https:\/\/www.eckler.ca\/fr\/wp-json\/wp\/v2\/media?parent=19498"}],"wp:term":[{"taxonomy":"category","embeddable":true,"href":"https:\/\/www.eckler.ca\/fr\/wp-json\/wp\/v2\/categories?post=19498"},{"taxonomy":"post_tag","embeddable":true,"href":"https:\/\/www.eckler.ca\/fr\/wp-json\/wp\/v2\/tags?post=19498"}],"curies":[{"name":"wp","href":"https:\/\/api.w.org\/{rel}","templated":true}]}}