{"id":19401,"date":"2026-04-28T08:00:37","date_gmt":"2026-04-28T12:00:37","guid":{"rendered":"https:\/\/www.eckler.ca\/?p=19401"},"modified":"2026-04-28T09:02:33","modified_gmt":"2026-04-28T13:02:33","slug":"transformer-lepargne-dun-regime-daccumulation-de-capital-en-revenu-de-retraite","status":"publish","type":"post","link":"https:\/\/www.eckler.ca\/fr\/transformer-lepargne-dun-regime-daccumulation-de-capital-en-revenu-de-retraite\/","title":{"rendered":"Transformer l&#8217;\u00e9pargne d\u2019un r\u00e9gime d\u2019accumulation de capital en revenu de retraite"},"content":{"rendered":"<div class=\"wpb-content-wrapper\"><p>[vc_row][vc_column][vc_column_text]<\/p>\n<h3>[\/vc_column_text][\/vc_column][\/vc_row][vc_row][vc_column][basic_container][\/basic_container][basic_container container_size=&#8221;container container-narrow&#8221;][vc_column_text css=&#8221;&#8221;]<\/h3>\n<h4><span style=\"color: #00425b;\"><strong><em>Outil de suivi des r\u00e9gimes de capitalisation (CAPit)<\/em> <em>&#8211; <\/em><\/strong><\/span><span style=\"color: #00425b;\"><strong><em>avril 2026<\/em><\/strong><\/span><\/h4>\n<p>[\/vc_column_text][vc_column_text css=&#8221;.vc_custom_1729872901671{padding-right: 10px !important;}&#8221;]Les march\u00e9s ont \u00e9t\u00e9 plus volatils au premier trimestre de 2026, alors que le conflit militaire entre les \u00c9tats-Unis, Isra\u00ebl et l&#8217;Iran a perturb\u00e9 l&#8217;approvisionnement mondial en \u00e9nergie, entra\u00een\u00e9 une forte hausse du prix du p\u00e9trole et raviv\u00e9 les pr\u00e9occupations inflationnistes. Dans ce contexte, les r\u00e9sultats des participants aux r\u00e9gimes d\u2019accumulation de capital (RAC) ont l\u00e9g\u00e8rement recul\u00e9. Un participant type prenant sa retraite \u00e0 la fin de mars 2026 a atteint un taux de remplacement du revenu brut de 68,6 %, en l\u00e9g\u00e8re baisse par rapport \u00e0 68,9 % en d\u00e9cembre 2025. Une participante type a atteint 66,9 %, comparativement \u00e0 67,1 % auparavant.[\/vc_column_text][vc_column_text][\/vc_column_text][vc_column_text css=&#8221;&#8221;]<img loading=\"lazy\" decoding=\"async\" class=\"alignnone size-large wp-image-19433\" src=\"https:\/\/www.eckler.ca\/app\/uploads\/2026\/04\/Graph_CAPit_Mar26_FR-1024x420.jpg\" alt=\"Graphique en lignes montrant l\u2019\u00e9volution du taux de remplacement du revenu brut (ratio CAPit) de mars 2009 \u00e0 mars 2026 pour les hommes et les femmes. Les deux courbes suivent des tendances similaires, avec des niveaux l\u00e9g\u00e8rement plus \u00e9lev\u00e9s pour les hommes. Apr\u00e8s une baisse jusqu\u2019en 2020, les taux augmentent progressivement pour atteindre environ 68,6 % pour les hommes et 66,9 % pour les femmes en mars 2026.\" width=\"1024\" height=\"420\" srcset=\"https:\/\/www.eckler.ca\/app\/uploads\/2026\/04\/Graph_CAPit_Mar26_FR-1024x420.jpg 1024w, https:\/\/www.eckler.ca\/app\/uploads\/2026\/04\/Graph_CAPit_Mar26_FR-300x123.jpg 300w, https:\/\/www.eckler.ca\/app\/uploads\/2026\/04\/Graph_CAPit_Mar26_FR-768x315.jpg 768w, https:\/\/www.eckler.ca\/app\/uploads\/2026\/04\/Graph_CAPit_Mar26_FR.jpg 1186w\" sizes=\"auto, (max-width: 1024px) 100vw, 1024px\" \/>[\/vc_column_text][vc_empty_space][vc_column_text css=&#8221;&#8221;]Pour de nombreux participants, le passage de la phase d\u2019accumulation \u00e0 celle de d\u00e9caissement constitue l&#8217;une des \u00e9tapes les plus complexes et d\u00e9terminantes de la retraite. Alors que la phase d&#8217;accumulation b\u00e9n\u00e9ficie souvent d&#8217;options par d\u00e9faut et de m\u00e9canismes automatiques, la phase de d\u00e9caissement exige des participants qu&#8217;ils prennent des d\u00e9cisions actives, et parfois irr\u00e9versibles, quant \u00e0 la mani\u00e8re dont leur \u00e9pargne g\u00e9n\u00e9rera un revenu. Ces choix sont d\u2019autant plus complexes qu\u2019ils doivent \u00eatre coordonn\u00e9s avec les prestations gouvernementales telles que le R\u00e9gime de pensions du Canada et le R\u00e9gime de rentes du Qu\u00e9bec (RPC\/RRQ).<\/p>\n<p>Pour les participants qui prennent leur retraite apr\u00e8s avoir cotis\u00e9 dans un r\u00e9gime d\u2019accumulation de capital collectif, il existe g\u00e9n\u00e9ralement trois principales options pour convertir leur \u00e9pargne en revenu\u00a0: les fonds de revenu viager (FRV), les fonds enregistr\u00e9s de revenu de retraite (FERR) et les rentes.<\/p>\n<p>Chaque option offre un \u00e9quilibre diff\u00e9rent entre flexibilit\u00e9, stabilit\u00e9 des revenus et protection contre le risque de long\u00e9vit\u00e9. Les FRV et les FERR permettent aux participants de conserver le contr\u00f4le de leur capital et d&#8217;ajuster leurs retraits au fil du temps, mais exposent leurs revenus de retraite \u00e0 la volatilit\u00e9 des march\u00e9s et au risque de long\u00e9vit\u00e9. Les rentes, quant \u00e0 elles, offrent un revenu garanti \u00e0 vie, ce qui contribue \u00e0 att\u00e9nuer le risque de long\u00e9vit\u00e9, mais exigent de renoncer \u00e0 l\u2019acc\u00e8s au capital et \u00e0 la flexibilit\u00e9.<\/p>\n<p>Le moment choisi pour d\u00e9buter le RPC\/RRQ joue \u00e9galement un r\u00f4le cl\u00e9 dans ces d\u00e9cisions. Reporter le d\u00e9but des prestations du RPC\/RRQ au-del\u00e0 de 65\u00a0ans permet d\u2019augmenter le montant mensuel des prestations et d\u2019obtenir un revenu garanti, prot\u00e9g\u00e9 contre l\u2019inflation, plus tard dans la retraite. Pour certains participants, le recours \u00e0 des retraits d\u2019un FRV ou d\u2019un FERR pour combler les besoins de revenu en d\u00e9but de retraite peut permettre de reporter le d\u00e9but des prestations du RPC\/RRQ, am\u00e9liorant ainsi la s\u00e9curit\u00e9 financi\u00e8re \u00e0 long terme. Pour d\u2019autres, toucher le RPC\/RRQ plus t\u00f4t peut all\u00e9ger la pression sur l\u2019\u00e9pargne personnelle, mais se traduire par des prestations \u00e0 vie moins \u00e9lev\u00e9es. La \u00ab\u00a0bonne\u00a0\u00bb approche d\u00e9pend de l&#8217;\u00e9tat de sant\u00e9, de l\u2019esp\u00e9rance de vie, des consid\u00e9rations fiscales et de la structure des autres sources de revenus.<\/p>\n<p>Les contraintes li\u00e9es aux retraits et les consid\u00e9rations fiscales influencent \u00e9galement les r\u00e9sultats en phase de d\u00e9caissement. Les r\u00e8gles relatives aux montants minimaux et maximaux de retrait peuvent limiter la flexibilit\u00e9, tandis que le moment et le montant des retraits peuvent avoir une incidence sur l\u2019imp\u00f4t et sur certaines prestations, telles que la S\u00e9curit\u00e9 de la vieillesse (SV). Lorsque les sources de revenus ne sont pas coordonn\u00e9es, les participants peuvent faire face \u00e0 une imposition plus \u00e9lev\u00e9e en d\u00e9but de retraite ou \u00e0 une exposition accrue au risque de march\u00e9 plus tard. Un d\u00e9caissement efficace d\u00e9pend donc moins des produits individuels que de la mani\u00e8re dont les sources de revenus sont coordonn\u00e9es dans le temps.<\/p>\n<p>Compte tenu de cette complexit\u00e9, un accompagnement personnalis\u00e9 devient de plus en plus important \u00e0 l\u2019approche de la retraite. Travailler avec un conseiller financier peut aider les participants \u00e0 \u00e9valuer les compromis, \u00e0 tester diff\u00e9rents sc\u00e9narios et \u00e0 aligner les d\u00e9cisions relatives au d\u00e9but des prestations du RPC\/RRQ, aux taux de retrait et au choix des produits avec leurs objectifs de retraite globaux. Positionner le d\u00e9caissement comme une strat\u00e9gie \u00e0 la fois \u00e9volutive et flexible, plut\u00f4t que comme une d\u00e9cision unique, peut renforcer la confiance et aider les participants \u00e0 transformer leur \u00e9pargne en un revenu de retraite durable et fiable.[\/vc_column_text][vc_empty_space][vc_separator color=&#8221;turquoise&#8221; border_width=&#8221;3&#8243; el_width=&#8221;90&#8243;][vc_empty_space][\/basic_container][\/vc_column][\/vc_row][vc_row][vc_column][basic_container container_size=&#8221;container container-narrow&#8221; text_align=&#8221;text-center&#8221;][vc_row_inner][vc_column_inner css=&#8221;.vc_custom_1565885342436{background-color: #d0e9e7 !important;}&#8221;][vc_column_text css=&#8221;&#8221;]<\/p>\n<h4 style=\"text-align: left;\"><span style=\"color: #2f5167;\"><strong>Au sujet de l\u2019outil de suivi du revenu des r\u00e9gimes de capitalisation<\/strong><\/span><\/h4>\n<p style=\"text-align: left;\">L\u2019outil de suivi du revenu du r\u00e9gime de capitalisation pr\u00e9sume qu\u2019un participant a effectu\u00e9 des cotisations annuelles \u00e0 un rythme de 10 % \u00e0 compter de l\u2019\u00e2ge de 40 ans, qu\u2019il recevra les prestations maximales de la S\u00e9curit\u00e9 de la vieillesse et du R\u00e9gime de pensions du Canada\/ R\u00e9gime des rentes du Qu\u00e9bec, et qu\u2019il utilisera le solde de son compte du r\u00e9gime de capitalisation \u00e0 la retraite pour acheter une rente. Le compte du r\u00e9gime de capitalisation du participant est investi en fonction d\u2019une strat\u00e9gie \u00e9quilibr\u00e9e. Le salaire a \u00e9t\u00e9 rajust\u00e9 annuellement conform\u00e9ment aux changements du salaire moyen par activit\u00e9 \u00e9conomique et il est \u00e9tabli \u00e0 78 954 $ au 31 mars 2026.<\/p>\n<p>[\/vc_column_text][\/vc_column_inner][\/vc_row_inner][\/basic_container]<div class=\"clearfix global-margin-y\"><\/div>[vc_separator color=&#8221;custom&#8221; border_width=&#8221;3&#8243; el_width=&#8221;90&#8243; accent_color=&#8221;#49bfb5&#8243;][\/vc_column][\/vc_row][vc_row][vc_column][\/vc_column][\/vc_row][vc_row][vc_column]<div class=\"clearfix global-margin-y\"><\/div>[\/vc_column][\/vc_row][vc_row][vc_column][basic_container container_size=&#8221;container container-narrow&#8221; bg_type=&#8221;solid&#8221; bg_color=&#8221;bg-light&#8221;]<div class=\"clearfix global-margin-y\"><\/div>[vc_column_text]<span style=\"font-size: small;\">Le pr\u00e9sent Outil de suivi des r\u00e9gimes de capitalisation (CAPit) a \u00e9t\u00e9 pr\u00e9par\u00e9 \u00e0 titre informatif seulement et ne constitue aucunement un avis professionnel. Veuillez communiquer avec un conseiller de chez Eckler si vous avez besoin d\u2019un avis professionnel fond\u00e9 sur le contenu du pr\u00e9sent CAPit.<\/span>[\/vc_column_text]<div class=\"clearfix global-margin-y\"><\/div>[\/basic_container][\/vc_column][\/vc_row]<\/p>\n<\/div>","protected":false},"excerpt":{"rendered":"<p>Malgr\u00e9 la baisse des taux d\u2019achat de rente, les participants qui prendront leur retraite \u00e0 la fin du mois de septembre auront obtenu certains des meilleurs r\u00e9sultats en plus de &hellip; [&#8230;]<\/p>\n","protected":false},"author":14,"featured_media":2703,"comment_status":"closed","ping_status":"closed","sticky":false,"template":"","format":"standard","meta":{"_acf_changed":false,"footnotes":""},"categories":[73],"tags":[722,240,723,724,725,277,726,239,236,238,237],"class_list":["post-19401","post","type-post","status-publish","format-standard","has-post-thumbnail","hentry","category-capit-fr","tag-capital-accumulation-plans","tag-conseil-en-matiere-de-regimes-de-retraite-a-cotisations-definies","tag-dc-pension-plan-consulting","tag-dc-pensions","tag-defined-contribution-pension-plans","tag-epargne-retraite","tag-gross-income-replacement-ratio","tag-pensions-a-cotisations-definies","tag-plans-de-capitalisation","tag-plans-de-pension-a-cotisations-definies","tag-ratio-de-remplacement-du-revenu-brut","service-consultation-sur-les-regimes-a-cotisations-determinees-et-les-regimes-de-capitalisation"],"acf":[],"yoast_head":"<!-- This site is optimized with the Yoast SEO Premium plugin v26.8 (Yoast SEO v26.8) - https:\/\/yoast.com\/product\/yoast-seo-premium-wordpress\/ -->\n<title>Transformer l&#039;\u00e9pargne d\u2019un r\u00e9gime d\u2019accumulation de capital en revenu de retraite - Eckler<\/title>\n<meta name=\"description\" content=\"Malgr\u00e9 la baisse des taux d\u2019achat de rente, les participants qui prendront leur retraite \u00e0 la fin du mois de septembre auront obtenu certains des meilleurs r\u00e9sultats en plus de 13 ans dans le cadre des r\u00e9gimes de capitalisation (RC). Lisez notre dernier CAPit pour savoir...\" \/>\n<meta name=\"robots\" content=\"index, follow, max-snippet:-1, max-image-preview:large, max-video-preview:-1\" \/>\n<link rel=\"canonical\" href=\"https:\/\/www.eckler.ca\/fr\/transformer-lepargne-dun-regime-daccumulation-de-capital-en-revenu-de-retraite\/\" \/>\n<meta property=\"og:locale\" content=\"fr_FR\" \/>\n<meta property=\"og:type\" content=\"article\" \/>\n<meta property=\"og:title\" content=\"Transformer l&#039;\u00e9pargne d\u2019un r\u00e9gime d\u2019accumulation de capital en revenu de retraite\" \/>\n<meta property=\"og:description\" content=\"Malgr\u00e9 la baisse des taux d\u2019achat de rente, les participants qui prendront leur retraite \u00e0 la fin du mois de septembre auront obtenu certains des meilleurs r\u00e9sultats en plus de 13 ans dans le cadre des r\u00e9gimes de capitalisation (RC). Lisez notre dernier CAPit pour savoir...\" \/>\n<meta property=\"og:url\" content=\"https:\/\/www.eckler.ca\/fr\/transformer-lepargne-dun-regime-daccumulation-de-capital-en-revenu-de-retraite\/\" \/>\n<meta property=\"og:site_name\" content=\"Eckler\" \/>\n<meta property=\"article:published_time\" content=\"2026-04-28T12:00:37+00:00\" \/>\n<meta property=\"article:modified_time\" content=\"2026-04-28T13:02:33+00:00\" \/>\n<meta property=\"og:image\" content=\"https:\/\/www.eckler.ca\/app\/uploads\/2019\/07\/investment-graph-and-city-skyline-scene.jpg\" \/>\n\t<meta property=\"og:image:width\" content=\"1440\" \/>\n\t<meta property=\"og:image:height\" content=\"960\" \/>\n\t<meta property=\"og:image:type\" content=\"image\/jpeg\" \/>\n<meta name=\"author\" content=\"Selin Ozturk\" \/>\n<meta name=\"twitter:card\" content=\"summary_large_image\" \/>\n<meta name=\"twitter:label1\" content=\"Written by\" \/>\n\t<meta name=\"twitter:data1\" content=\"Selin Ozturk\" \/>\n\t<meta name=\"twitter:label2\" content=\"Est. reading time\" \/>\n\t<meta name=\"twitter:data2\" content=\"5 minutes\" \/>\n<script type=\"application\/ld+json\" class=\"yoast-schema-graph\">{\"@context\":\"https:\/\/schema.org\",\"@graph\":[{\"@type\":\"Article\",\"@id\":\"https:\/\/www.eckler.ca\/fr\/transformer-lepargne-dun-regime-daccumulation-de-capital-en-revenu-de-retraite\/#article\",\"isPartOf\":{\"@id\":\"https:\/\/www.eckler.ca\/fr\/transformer-lepargne-dun-regime-daccumulation-de-capital-en-revenu-de-retraite\/\"},\"author\":{\"name\":\"Selin Ozturk\",\"@id\":\"https:\/\/www.eckler.ca\/#\/schema\/person\/91f0a59f180b75344ee4dbad354e9a27\"},\"headline\":\"Transformer l&#8217;\u00e9pargne d\u2019un r\u00e9gime d\u2019accumulation de capital en revenu de retraite\",\"datePublished\":\"2026-04-28T12:00:37+00:00\",\"dateModified\":\"2026-04-28T13:02:33+00:00\",\"mainEntityOfPage\":{\"@id\":\"https:\/\/www.eckler.ca\/fr\/transformer-lepargne-dun-regime-daccumulation-de-capital-en-revenu-de-retraite\/\"},\"wordCount\":1157,\"image\":{\"@id\":\"https:\/\/www.eckler.ca\/fr\/transformer-lepargne-dun-regime-daccumulation-de-capital-en-revenu-de-retraite\/#primaryimage\"},\"thumbnailUrl\":\"https:\/\/www.eckler.ca\/app\/uploads\/2019\/07\/investment-graph-and-city-skyline-scene.jpg\",\"keywords\":[\"Capital Accumulation Plans\",\"Conseil en mati\u00e8re de r\u00e9gimes de retraite \u00e0 cotisations d\u00e9finies\",\"DC Pension Plan Consulting\",\"DC pensions\",\"Defined contribution pension plans\",\"\u00c9pargne-retraite\",\"Gross income replacement ratio\",\"Pensions \u00e0 cotisations d\u00e9finies\",\"Plans de capitalisation\",\"Plans de pension \u00e0 cotisations d\u00e9finies\",\"Ratio de remplacement du revenu brut\"],\"articleSection\":[\"CAPit\"],\"inLanguage\":\"fr-FR\"},{\"@type\":\"WebPage\",\"@id\":\"https:\/\/www.eckler.ca\/fr\/transformer-lepargne-dun-regime-daccumulation-de-capital-en-revenu-de-retraite\/\",\"url\":\"https:\/\/www.eckler.ca\/fr\/transformer-lepargne-dun-regime-daccumulation-de-capital-en-revenu-de-retraite\/\",\"name\":\"Transformer l'\u00e9pargne d\u2019un r\u00e9gime d\u2019accumulation de capital en revenu de retraite - Eckler\",\"isPartOf\":{\"@id\":\"https:\/\/www.eckler.ca\/#website\"},\"primaryImageOfPage\":{\"@id\":\"https:\/\/www.eckler.ca\/fr\/transformer-lepargne-dun-regime-daccumulation-de-capital-en-revenu-de-retraite\/#primaryimage\"},\"image\":{\"@id\":\"https:\/\/www.eckler.ca\/fr\/transformer-lepargne-dun-regime-daccumulation-de-capital-en-revenu-de-retraite\/#primaryimage\"},\"thumbnailUrl\":\"https:\/\/www.eckler.ca\/app\/uploads\/2019\/07\/investment-graph-and-city-skyline-scene.jpg\",\"datePublished\":\"2026-04-28T12:00:37+00:00\",\"dateModified\":\"2026-04-28T13:02:33+00:00\",\"author\":{\"@id\":\"https:\/\/www.eckler.ca\/#\/schema\/person\/91f0a59f180b75344ee4dbad354e9a27\"},\"description\":\"Malgr\u00e9 la baisse des taux d\u2019achat de rente, les participants qui prendront leur retraite \u00e0 la fin du mois de septembre auront obtenu certains des meilleurs r\u00e9sultats en plus de 13 ans dans le cadre des r\u00e9gimes de capitalisation (RC). Lisez notre dernier CAPit pour savoir...\",\"breadcrumb\":{\"@id\":\"https:\/\/www.eckler.ca\/fr\/transformer-lepargne-dun-regime-daccumulation-de-capital-en-revenu-de-retraite\/#breadcrumb\"},\"inLanguage\":\"fr-FR\",\"potentialAction\":[{\"@type\":\"ReadAction\",\"target\":[\"https:\/\/www.eckler.ca\/fr\/transformer-lepargne-dun-regime-daccumulation-de-capital-en-revenu-de-retraite\/\"]}]},{\"@type\":\"ImageObject\",\"inLanguage\":\"fr-FR\",\"@id\":\"https:\/\/www.eckler.ca\/fr\/transformer-lepargne-dun-regime-daccumulation-de-capital-en-revenu-de-retraite\/#primaryimage\",\"url\":\"https:\/\/www.eckler.ca\/app\/uploads\/2019\/07\/investment-graph-and-city-skyline-scene.jpg\",\"contentUrl\":\"https:\/\/www.eckler.ca\/app\/uploads\/2019\/07\/investment-graph-and-city-skyline-scene.jpg\",\"width\":1440,\"height\":960,\"caption\":\"investment graph and city skyline scene\"},{\"@type\":\"BreadcrumbList\",\"@id\":\"https:\/\/www.eckler.ca\/fr\/transformer-lepargne-dun-regime-daccumulation-de-capital-en-revenu-de-retraite\/#breadcrumb\",\"itemListElement\":[{\"@type\":\"ListItem\",\"position\":1,\"name\":\"Accueil\",\"item\":\"https:\/\/www.eckler.ca\/fr\/\"},{\"@type\":\"ListItem\",\"position\":2,\"name\":\"Blogue\",\"item\":\"https:\/\/www.eckler.ca\/fr\/transformer-lepargne-dun-regime-daccumulation-de-capital-en-revenu-de-retraite\/\"},{\"@type\":\"ListItem\",\"position\":3,\"name\":\"Transformer l&#8217;\u00e9pargne d\u2019un r\u00e9gime d\u2019accumulation de capital en revenu de retraite\"}]},{\"@type\":\"WebSite\",\"@id\":\"https:\/\/www.eckler.ca\/#website\",\"url\":\"https:\/\/www.eckler.ca\/\",\"name\":\"Eckler\",\"description\":\"People-Powered Insights\",\"potentialAction\":[{\"@type\":\"SearchAction\",\"target\":{\"@type\":\"EntryPoint\",\"urlTemplate\":\"https:\/\/www.eckler.ca\/?s={search_term_string}\"},\"query-input\":{\"@type\":\"PropertyValueSpecification\",\"valueRequired\":true,\"valueName\":\"search_term_string\"}}],\"inLanguage\":\"fr-FR\"},{\"@type\":\"Person\",\"@id\":\"https:\/\/www.eckler.ca\/#\/schema\/person\/91f0a59f180b75344ee4dbad354e9a27\",\"name\":\"Selin Ozturk\",\"image\":{\"@type\":\"ImageObject\",\"inLanguage\":\"fr-FR\",\"@id\":\"https:\/\/www.eckler.ca\/#\/schema\/person\/image\/\",\"url\":\"https:\/\/secure.gravatar.com\/avatar\/43c9e5a3f85daffeaac2d23686762c043cd809bdfebffe359723c5576700110c?s=96&d=mm&r=g\",\"contentUrl\":\"https:\/\/secure.gravatar.com\/avatar\/43c9e5a3f85daffeaac2d23686762c043cd809bdfebffe359723c5576700110c?s=96&d=mm&r=g\",\"caption\":\"Selin Ozturk\"},\"url\":\"https:\/\/www.eckler.ca\/fr\/author\/sozturk\/\"}]}<\/script>\n<!-- \/ Yoast SEO Premium plugin. -->","yoast_head_json":{"title":"Transformer l'\u00e9pargne d\u2019un r\u00e9gime d\u2019accumulation de capital en revenu de retraite - Eckler","description":"Malgr\u00e9 la baisse des taux d\u2019achat de rente, les participants qui prendront leur retraite \u00e0 la fin du mois de septembre auront obtenu certains des meilleurs r\u00e9sultats en plus de 13 ans dans le cadre des r\u00e9gimes de capitalisation (RC). Lisez notre dernier CAPit pour savoir...","robots":{"index":"index","follow":"follow","max-snippet":"max-snippet:-1","max-image-preview":"max-image-preview:large","max-video-preview":"max-video-preview:-1"},"canonical":"https:\/\/www.eckler.ca\/fr\/transformer-lepargne-dun-regime-daccumulation-de-capital-en-revenu-de-retraite\/","og_locale":"fr_FR","og_type":"article","og_title":"Transformer l'\u00e9pargne d\u2019un r\u00e9gime d\u2019accumulation de capital en revenu de retraite","og_description":"Malgr\u00e9 la baisse des taux d\u2019achat de rente, les participants qui prendront leur retraite \u00e0 la fin du mois de septembre auront obtenu certains des meilleurs r\u00e9sultats en plus de 13 ans dans le cadre des r\u00e9gimes de capitalisation (RC). Lisez notre dernier CAPit pour savoir...","og_url":"https:\/\/www.eckler.ca\/fr\/transformer-lepargne-dun-regime-daccumulation-de-capital-en-revenu-de-retraite\/","og_site_name":"Eckler","article_published_time":"2026-04-28T12:00:37+00:00","article_modified_time":"2026-04-28T13:02:33+00:00","og_image":[{"width":1440,"height":960,"url":"https:\/\/www.eckler.ca\/app\/uploads\/2019\/07\/investment-graph-and-city-skyline-scene.jpg","type":"image\/jpeg"}],"author":"Selin Ozturk","twitter_card":"summary_large_image","twitter_misc":{"Written by":"Selin Ozturk","Est. reading time":"5 minutes"},"schema":{"@context":"https:\/\/schema.org","@graph":[{"@type":"Article","@id":"https:\/\/www.eckler.ca\/fr\/transformer-lepargne-dun-regime-daccumulation-de-capital-en-revenu-de-retraite\/#article","isPartOf":{"@id":"https:\/\/www.eckler.ca\/fr\/transformer-lepargne-dun-regime-daccumulation-de-capital-en-revenu-de-retraite\/"},"author":{"name":"Selin Ozturk","@id":"https:\/\/www.eckler.ca\/#\/schema\/person\/91f0a59f180b75344ee4dbad354e9a27"},"headline":"Transformer l&#8217;\u00e9pargne d\u2019un r\u00e9gime d\u2019accumulation de capital en revenu de retraite","datePublished":"2026-04-28T12:00:37+00:00","dateModified":"2026-04-28T13:02:33+00:00","mainEntityOfPage":{"@id":"https:\/\/www.eckler.ca\/fr\/transformer-lepargne-dun-regime-daccumulation-de-capital-en-revenu-de-retraite\/"},"wordCount":1157,"image":{"@id":"https:\/\/www.eckler.ca\/fr\/transformer-lepargne-dun-regime-daccumulation-de-capital-en-revenu-de-retraite\/#primaryimage"},"thumbnailUrl":"https:\/\/www.eckler.ca\/app\/uploads\/2019\/07\/investment-graph-and-city-skyline-scene.jpg","keywords":["Capital Accumulation Plans","Conseil en mati\u00e8re de r\u00e9gimes de retraite \u00e0 cotisations d\u00e9finies","DC Pension Plan Consulting","DC pensions","Defined contribution pension plans","\u00c9pargne-retraite","Gross income replacement ratio","Pensions \u00e0 cotisations d\u00e9finies","Plans de capitalisation","Plans de pension \u00e0 cotisations d\u00e9finies","Ratio de remplacement du revenu brut"],"articleSection":["CAPit"],"inLanguage":"fr-FR"},{"@type":"WebPage","@id":"https:\/\/www.eckler.ca\/fr\/transformer-lepargne-dun-regime-daccumulation-de-capital-en-revenu-de-retraite\/","url":"https:\/\/www.eckler.ca\/fr\/transformer-lepargne-dun-regime-daccumulation-de-capital-en-revenu-de-retraite\/","name":"Transformer l'\u00e9pargne d\u2019un r\u00e9gime d\u2019accumulation de capital en revenu de retraite - Eckler","isPartOf":{"@id":"https:\/\/www.eckler.ca\/#website"},"primaryImageOfPage":{"@id":"https:\/\/www.eckler.ca\/fr\/transformer-lepargne-dun-regime-daccumulation-de-capital-en-revenu-de-retraite\/#primaryimage"},"image":{"@id":"https:\/\/www.eckler.ca\/fr\/transformer-lepargne-dun-regime-daccumulation-de-capital-en-revenu-de-retraite\/#primaryimage"},"thumbnailUrl":"https:\/\/www.eckler.ca\/app\/uploads\/2019\/07\/investment-graph-and-city-skyline-scene.jpg","datePublished":"2026-04-28T12:00:37+00:00","dateModified":"2026-04-28T13:02:33+00:00","author":{"@id":"https:\/\/www.eckler.ca\/#\/schema\/person\/91f0a59f180b75344ee4dbad354e9a27"},"description":"Malgr\u00e9 la baisse des taux d\u2019achat de rente, les participants qui prendront leur retraite \u00e0 la fin du mois de septembre auront obtenu certains des meilleurs r\u00e9sultats en plus de 13 ans dans le cadre des r\u00e9gimes de capitalisation (RC). Lisez notre dernier CAPit pour savoir...","breadcrumb":{"@id":"https:\/\/www.eckler.ca\/fr\/transformer-lepargne-dun-regime-daccumulation-de-capital-en-revenu-de-retraite\/#breadcrumb"},"inLanguage":"fr-FR","potentialAction":[{"@type":"ReadAction","target":["https:\/\/www.eckler.ca\/fr\/transformer-lepargne-dun-regime-daccumulation-de-capital-en-revenu-de-retraite\/"]}]},{"@type":"ImageObject","inLanguage":"fr-FR","@id":"https:\/\/www.eckler.ca\/fr\/transformer-lepargne-dun-regime-daccumulation-de-capital-en-revenu-de-retraite\/#primaryimage","url":"https:\/\/www.eckler.ca\/app\/uploads\/2019\/07\/investment-graph-and-city-skyline-scene.jpg","contentUrl":"https:\/\/www.eckler.ca\/app\/uploads\/2019\/07\/investment-graph-and-city-skyline-scene.jpg","width":1440,"height":960,"caption":"investment graph and city skyline scene"},{"@type":"BreadcrumbList","@id":"https:\/\/www.eckler.ca\/fr\/transformer-lepargne-dun-regime-daccumulation-de-capital-en-revenu-de-retraite\/#breadcrumb","itemListElement":[{"@type":"ListItem","position":1,"name":"Accueil","item":"https:\/\/www.eckler.ca\/fr\/"},{"@type":"ListItem","position":2,"name":"Blogue","item":"https:\/\/www.eckler.ca\/fr\/transformer-lepargne-dun-regime-daccumulation-de-capital-en-revenu-de-retraite\/"},{"@type":"ListItem","position":3,"name":"Transformer l&#8217;\u00e9pargne d\u2019un r\u00e9gime d\u2019accumulation de capital en revenu de retraite"}]},{"@type":"WebSite","@id":"https:\/\/www.eckler.ca\/#website","url":"https:\/\/www.eckler.ca\/","name":"Eckler","description":"People-Powered Insights","potentialAction":[{"@type":"SearchAction","target":{"@type":"EntryPoint","urlTemplate":"https:\/\/www.eckler.ca\/?s={search_term_string}"},"query-input":{"@type":"PropertyValueSpecification","valueRequired":true,"valueName":"search_term_string"}}],"inLanguage":"fr-FR"},{"@type":"Person","@id":"https:\/\/www.eckler.ca\/#\/schema\/person\/91f0a59f180b75344ee4dbad354e9a27","name":"Selin Ozturk","image":{"@type":"ImageObject","inLanguage":"fr-FR","@id":"https:\/\/www.eckler.ca\/#\/schema\/person\/image\/","url":"https:\/\/secure.gravatar.com\/avatar\/43c9e5a3f85daffeaac2d23686762c043cd809bdfebffe359723c5576700110c?s=96&d=mm&r=g","contentUrl":"https:\/\/secure.gravatar.com\/avatar\/43c9e5a3f85daffeaac2d23686762c043cd809bdfebffe359723c5576700110c?s=96&d=mm&r=g","caption":"Selin Ozturk"},"url":"https:\/\/www.eckler.ca\/fr\/author\/sozturk\/"}]}},"_links":{"self":[{"href":"https:\/\/www.eckler.ca\/fr\/wp-json\/wp\/v2\/posts\/19401","targetHints":{"allow":["GET"]}}],"collection":[{"href":"https:\/\/www.eckler.ca\/fr\/wp-json\/wp\/v2\/posts"}],"about":[{"href":"https:\/\/www.eckler.ca\/fr\/wp-json\/wp\/v2\/types\/post"}],"author":[{"embeddable":true,"href":"https:\/\/www.eckler.ca\/fr\/wp-json\/wp\/v2\/users\/14"}],"replies":[{"embeddable":true,"href":"https:\/\/www.eckler.ca\/fr\/wp-json\/wp\/v2\/comments?post=19401"}],"version-history":[{"count":8,"href":"https:\/\/www.eckler.ca\/fr\/wp-json\/wp\/v2\/posts\/19401\/revisions"}],"predecessor-version":[{"id":19437,"href":"https:\/\/www.eckler.ca\/fr\/wp-json\/wp\/v2\/posts\/19401\/revisions\/19437"}],"wp:featuredmedia":[{"embeddable":true,"href":"https:\/\/www.eckler.ca\/fr\/wp-json\/wp\/v2\/media\/2703"}],"wp:attachment":[{"href":"https:\/\/www.eckler.ca\/fr\/wp-json\/wp\/v2\/media?parent=19401"}],"wp:term":[{"taxonomy":"category","embeddable":true,"href":"https:\/\/www.eckler.ca\/fr\/wp-json\/wp\/v2\/categories?post=19401"},{"taxonomy":"post_tag","embeddable":true,"href":"https:\/\/www.eckler.ca\/fr\/wp-json\/wp\/v2\/tags?post=19401"}],"curies":[{"name":"wp","href":"https:\/\/api.w.org\/{rel}","templated":true}]}}