{"id":15235,"date":"2024-07-24T07:00:10","date_gmt":"2024-07-24T11:00:10","guid":{"rendered":"https:\/\/www.eckler.ca\/?p=15235"},"modified":"2024-07-25T15:59:34","modified_gmt":"2024-07-25T19:59:34","slug":"impact-des-reductions-de-taux-dinteret-sur-les-retraites-et-les-personnes-pres-de-la-retraite","status":"publish","type":"post","link":"https:\/\/www.eckler.ca\/fr\/impact-des-reductions-de-taux-dinteret-sur-les-retraites-et-les-personnes-pres-de-la-retraite\/","title":{"rendered":"Impact des r\u00e9ductions de taux d\u2019int\u00e9r\u00eat sur les retrait\u00e9s et les personnes pr\u00e8s de la retraite"},"content":{"rendered":"<div class=\"wpb-content-wrapper\"><p>[vc_row][vc_column][basic_container container_size=&#8221;container container-narrow&#8221;][vc_column_text]<span style=\"color: #00425b;\"><strong><em>Outil de suivi des r\u00e9gimes de capitalisation (CAPit) \u2013 juillet 2024<\/em><\/strong><\/span><\/p>\n<p>Au deuxi\u00e8me trimestre 2024, les r\u00e9sultats pour les participants aux r\u00e9gimes de capitalisation (RC) ont continu\u00e9 \u00e0 progresser alors que les taux d\u2019achat de rente ont augment\u00e9. Les ratios de remplacement du revenu brut demeurent \u00e0 des sommets, \u00e0 des niveaux semblables, voire sup\u00e9rieurs, aux ratios observ\u00e9s il y a dix ans. Un participant type prenant sa retraite \u00e0 la fin du mois de juin 2024 a atteint un ratio de remplacement du revenu brut de 64,5 % et une participante type a atteint un ratio de 62,9 %.[\/vc_column_text][vc_empty_space][vc_column_text]<a href=\"https:\/\/www.eckler.ca\/app\/uploads\/2024\/07\/Graph_CAPit_Jun24_FR.svg\"><img decoding=\"async\" class=\"alignnone size-full wp-image-15256\" src=\"https:\/\/www.eckler.ca\/app\/uploads\/2024\/07\/Graph_CAPit_Jun24_FR.svg\" alt=\"\" \/><\/a>[\/vc_column_text][vc_empty_space][vc_column_text]Les baisses de taux d&#8217;int\u00e9r\u00eat ont des impacts \u00e0 plusieurs niveaux sur l&#8217;\u00e9conomie et affecteront chaque participant diff\u00e9remment en fonction du type de dettes qu&#8217;il a contract\u00e9es et de ses sources de revenus ou d&#8217;investissements.<\/p>\n<p>Pour les retrait\u00e9s ou les personnes pr\u00e8s de la retraite, la baisse des taux d&#8217;int\u00e9r\u00eat peut se traduire par une diminution des paiements d&#8217;int\u00e9r\u00eats sur les dettes existantes, telles que les hypoth\u00e8ques, les pr\u00eats personnels ou les lignes de cr\u00e9dit. Ils peuvent ainsi trouver plus facile de g\u00e9rer leurs obligations de dettes et d&#8217;augmenter leurs \u00e9conomies pour la retraite gr\u00e2ce \u00e0 l&#8217;augmentation de leur liquidit\u00e9.<\/p>\n<p>Des taux hypoth\u00e9caires plus bas offrent \u00e9galement une opportunit\u00e9 aux retrait\u00e9s souhaitant r\u00e9duire la taille de leur logement, d\u00e9m\u00e9nager ou \u00e0 acc\u00e9der \u00e0 des lignes de cr\u00e9dit sur la valeur nette de leur propri\u00e9t\u00e9. Toutefois, la baisse des taux peut \u00e9galement contribuer \u00e0 l&#8217;augmentation des prix des propri\u00e9t\u00e9s. Si c&#8217;est une bonne nouvelle pour ceux qui disposent d\u00e9j\u00e0 d&#8217;une propri\u00e9t\u00e9 ad\u00e9quate, cela pourrait repr\u00e9senter un d\u00e9fi pour ceux qui n&#8217;en ont pas.<\/p>\n<p>Compte tenu de la corr\u00e9lation n\u00e9gative entre les taux d&#8217;int\u00e9r\u00eat et les rendements obligataires, les retrait\u00e9s et les personnes pr\u00e8s de la retraite (qui ont souvent un horizon d&#8217;investissement plus court) qui d\u00e9pendent des revenus d&#8217;investissements obligataires ou \u00e0 revenu fixe peuvent \u00eatre amen\u00e9s, en cas de baisse des taux d&#8217;int\u00e9r\u00eat, \u00e0 modifier leurs plans de d\u00e9penses ou \u00e0 ajuster la r\u00e9partition de leurs actifs afin de concilier le besoin de revenus avec le d\u00e9sir de pr\u00e9server le capital et de r\u00e9duire les risques.<\/p>\n<p>L&#8217;impact des baisses de taux d&#8217;int\u00e9r\u00eat sur les retrait\u00e9s et les personnes pr\u00e8s de la retraite est nuanc\u00e9 et d\u00e9pend de la situation financi\u00e8re sp\u00e9cifique de chacun. Les avantages potentiels de la r\u00e9duction de la dette et de l&#8217;accessibilit\u00e9 au logement sont souvent contrebalanc\u00e9s avec les d\u00e9fis li\u00e9s \u00e0 la baisse des rendements obligataires et des r\u00e9sultats d&#8217;investissement.<\/p>\n<p>Les retrait\u00e9s et les pr\u00e9retrait\u00e9s devront peut-\u00eatre adapter leurs plans financiers et leurs strat\u00e9gies d&#8217;investissement pour s&#8217;adapter \u00e0 l&#8217;\u00e9volution du paysage \u00e9conomique et demander des conseils financiers pour s&#8217;assurer d&#8217;avoir un plan solide pour atteindre leurs objectifs de retraite.[\/vc_column_text][vc_empty_space][\/basic_container][\/vc_column][\/vc_row][vc_row][vc_column][basic_container container_size=&#8221;container container-narrow&#8221; text_align=&#8221;text-center&#8221;][vc_row_inner][vc_column_inner css=&#8221;.vc_custom_1565885342436{background-color: #d0e9e7 !important;}&#8221;][vc_column_text]<\/p>\n<h4 style=\"text-align: left;\"><span style=\"color: #2f5167;\"><strong>Au sujet de l\u2019outil de suivi du revenu des r\u00e9gimes de capitalisation<\/strong><\/span><\/h4>\n<p style=\"text-align: left;\">L\u2019outil de suivi du revenu du r\u00e9gime de capitalisation pr\u00e9sume qu\u2019un participant a effectu\u00e9 des cotisations annuelles \u00e0 un rythme de 10 % \u00e0 compter de l\u2019\u00e2ge de 40 ans, qu\u2019il recevra les prestations maximales de la S\u00e9curit\u00e9 de la vieillesse et du R\u00e9gime de pensions du Canada\/ R\u00e9gime des rentes du Qu\u00e9bec, et qu\u2019il utilisera le solde de son compte du r\u00e9gime de capitalisation \u00e0 la retraite pour acheter une rente. Le compte du r\u00e9gime de capitalisation du participant est investi en fonction d\u2019une strat\u00e9gie \u00e9quilibr\u00e9e. Le salaire a \u00e9t\u00e9 rajust\u00e9 annuellement conform\u00e9ment aux changements du salaire moyen par activit\u00e9 \u00e9conomique et il est \u00e9tabli \u00e0 73 777 $ au 30 juin 2024.<\/p>\n<p>[\/vc_column_text][\/vc_column_inner][\/vc_row_inner][\/basic_container]<div class=\"clearfix global-margin-y\"><\/div>[\/vc_column][\/vc_row][vc_row][vc_column][vc_separator color=&#8221;custom&#8221; border_width=&#8221;3&#8243; accent_color=&#8221;#49bfb5&#8243;]\t<div class=\"row\">\n\t\t<div class=\"general-cta background-image-loading   gradient-background image \"  data-src=\"<149:https:\/\/www.eckler.ca\/app\/uploads\/2019\/03\/f2651f63a14cdfed1bf612269da8668f0e87b5e2-450x150.jpg,<319:https:\/\/www.eckler.ca\/app\/uploads\/2019\/03\/f2651f63a14cdfed1bf612269da8668f0e87b5e2-960x320.jpg,<479:https:\/\/www.eckler.ca\/app\/uploads\/2019\/03\/f2651f63a14cdfed1bf612269da8668f0e87b5e2-1440x480.jpg,<767:https:\/\/www.eckler.ca\/app\/uploads\/2019\/03\/f2651f63a14cdfed1bf612269da8668f0e87b5e2-1600x533.jpg,<991:https:\/\/www.eckler.ca\/app\/uploads\/2019\/03\/f2651f63a14cdfed1bf612269da8668f0e87b5e2-1599x533.jpg,<1199:https:\/\/www.eckler.ca\/app\/uploads\/2019\/03\/f2651f63a14cdfed1bf612269da8668f0e87b5e2-1600x533.jpg,<1399:https:\/\/www.eckler.ca\/app\/uploads\/2019\/03\/f2651f63a14cdfed1bf612269da8668f0e87b5e2-1600x533.jpg,>1400:https:\/\/www.eckler.ca\/app\/uploads\/2019\/03\/f2651f63a14cdfed1bf612269da8668f0e87b5e2-1600x533.jpg\">\n\t\t\t\t\t\t\t<div class=\"general-cta-gradient-bg\"><\/div>\n\t\t\t\t\t\t<div class=\"general-cta-overlay overlay-light\"><\/div>\n\t\t\t<div class=\"container\">\n\t\t\t\t<div class=\"row\">\n\t\t\t\t\t<div class=\"general-cta-box\">\n\t\t\t\t\t\t\t\t\t\t\t\t<div class=\"general-cta-button-only\"><\/div>\t\t\t\t\t\t\t\t\t\t\t\t\t<div class=\"general-cta-button\">\n\t\t\t\t\t\t\t\t<a href=\"https:\/\/www.eckler.ca\/app\/uploads\/2024\/07\/ECK063-CAPit_FR_Jul24-1.pdf\" target=\"_blank\" class=\"btn btn-primary btn-solid\" title=\"Home\">\n\t\t\t\t\t\t\t\t\tT\u00e9l\u00e9charger pdf\t\t\t\t\t\t\t\t<\/a>\n\t\t\t\t\t\t\t<\/div>\n\t\t\t\t\t    \t\t\t\t\t<\/div>\n\t\t\t\t<\/div>\n\t\t\t<\/div>\n\t\t<\/div>\n\t<\/div>\n[\/vc_column][\/vc_row][vc_row][vc_column]<div class=\"clearfix global-margin-y\"><\/div>[\/vc_column][\/vc_row][vc_row][vc_column][basic_container container_size=&#8221;container container-narrow&#8221; bg_type=&#8221;solid&#8221; bg_color=&#8221;bg-light&#8221;]<div class=\"clearfix global-margin-y\"><\/div>[vc_column_text]<span style=\"font-size: small;\">Le pr\u00e9sent Outil de suivi des r\u00e9gimes de capitalisation (CAPit) a \u00e9t\u00e9 pr\u00e9par\u00e9 \u00e0 titre informatif seulement et ne constitue aucunement un avis professionnel. Veuillez communiquer avec un conseiller de chez Eckler si vous avez besoin d\u2019un avis professionnel fond\u00e9 sur le contenu du pr\u00e9sent CAPit.<\/span>[\/vc_column_text]<div class=\"clearfix global-margin-y\"><\/div>[\/basic_container][\/vc_column][\/vc_row]<\/p>\n<\/div>","protected":false},"excerpt":{"rendered":"<p>Compte tenu de la corr\u00e9lation n\u00e9gative entre les taux d&#8217;int\u00e9r\u00eat et les rendements obligataires, les retrait\u00e9s et les quasi-retrait\u00e9s (qui ont souvent un horizon d&#8217;investissement plus court) qui d\u00e9pendent des &hellip; [&#8230;]<\/p>\n","protected":false},"author":14,"featured_media":2703,"comment_status":"closed","ping_status":"closed","sticky":false,"template":"","format":"standard","meta":{"_acf_changed":false,"footnotes":""},"categories":[73],"tags":[240,277,239,236,238,237],"class_list":["post-15235","post","type-post","status-publish","format-standard","has-post-thumbnail","hentry","category-capit-fr","tag-conseil-en-matiere-de-regimes-de-retraite-a-cotisations-definies","tag-epargne-retraite","tag-pensions-a-cotisations-definies","tag-plans-de-capitalisation","tag-plans-de-pension-a-cotisations-definies","tag-ratio-de-remplacement-du-revenu-brut","service-consultation-sur-les-regimes-a-cotisations-determinees-et-les-regimes-de-capitalisation"],"acf":[],"yoast_head":"<!-- This site is optimized with the Yoast SEO Premium plugin v26.8 (Yoast SEO v26.8) - https:\/\/yoast.com\/product\/yoast-seo-premium-wordpress\/ -->\n<title>Impact des r\u00e9ductions de taux d\u2019int\u00e9r\u00eat sur les retrait\u00e9s et les personnes pr\u00e8s de la retraite - Eckler<\/title>\n<meta name=\"description\" content=\"Compte tenu de la corr\u00e9lation n\u00e9gative entre les taux d&#039;int\u00e9r\u00eat et les rendements obligataires, les retrait\u00e9s et les quasi-retrait\u00e9s (qui ont souvent un horizon d&#039;investissement plus court) qui d\u00e9pendent des revenus d&#039;investissements obligataires ou \u00e0 revenu fixe peuvent \u00eatre amen\u00e9s, en cas de baisse des taux d&#039;int\u00e9r\u00eat, \u00e0 modifier leurs plans de d\u00e9penses ou \u00e0 ajuster la r\u00e9partition de leurs actifs afin d&#039;\u00e9quilibrer le besoin de revenus avec le d\u00e9sir de pr\u00e9server le capital et d&#039;att\u00e9nuer les risques.\" \/>\n<meta name=\"robots\" content=\"index, follow, max-snippet:-1, max-image-preview:large, max-video-preview:-1\" \/>\n<link rel=\"canonical\" href=\"https:\/\/www.eckler.ca\/fr\/impact-des-reductions-de-taux-dinteret-sur-les-retraites-et-les-personnes-pres-de-la-retraite\/\" \/>\n<meta property=\"og:locale\" content=\"fr_FR\" \/>\n<meta property=\"og:type\" content=\"article\" \/>\n<meta property=\"og:title\" content=\"Impact des r\u00e9ductions de taux d\u2019int\u00e9r\u00eat sur les retrait\u00e9s et les personnes pr\u00e8s de la retraite\" \/>\n<meta property=\"og:description\" content=\"Compte tenu de la corr\u00e9lation n\u00e9gative entre les taux d&#039;int\u00e9r\u00eat et les rendements obligataires, les retrait\u00e9s et les quasi-retrait\u00e9s (qui ont souvent un horizon d&#039;investissement plus court) qui d\u00e9pendent des revenus d&#039;investissements obligataires ou \u00e0 revenu fixe peuvent \u00eatre amen\u00e9s, en cas de baisse des taux d&#039;int\u00e9r\u00eat, \u00e0 modifier leurs plans de d\u00e9penses ou \u00e0 ajuster la r\u00e9partition de leurs actifs afin d&#039;\u00e9quilibrer le besoin de revenus avec le d\u00e9sir de pr\u00e9server le capital et d&#039;att\u00e9nuer les risques.\" \/>\n<meta property=\"og:url\" content=\"https:\/\/www.eckler.ca\/fr\/impact-des-reductions-de-taux-dinteret-sur-les-retraites-et-les-personnes-pres-de-la-retraite\/\" \/>\n<meta property=\"og:site_name\" content=\"Eckler\" \/>\n<meta property=\"article:published_time\" content=\"2024-07-24T11:00:10+00:00\" \/>\n<meta property=\"article:modified_time\" content=\"2024-07-25T19:59:34+00:00\" \/>\n<meta property=\"og:image\" content=\"https:\/\/www.eckler.ca\/app\/uploads\/2019\/07\/investment-graph-and-city-skyline-scene.jpg\" \/>\n\t<meta property=\"og:image:width\" content=\"1440\" \/>\n\t<meta property=\"og:image:height\" content=\"960\" \/>\n\t<meta property=\"og:image:type\" content=\"image\/jpeg\" \/>\n<meta name=\"author\" content=\"Selin Ozturk\" \/>\n<meta name=\"twitter:card\" content=\"summary_large_image\" \/>\n<meta name=\"twitter:label1\" content=\"Written by\" \/>\n\t<meta name=\"twitter:data1\" content=\"Selin Ozturk\" \/>\n\t<meta name=\"twitter:label2\" content=\"Est. reading time\" \/>\n\t<meta name=\"twitter:data2\" content=\"4 minutes\" \/>\n<script type=\"application\/ld+json\" class=\"yoast-schema-graph\">{\"@context\":\"https:\/\/schema.org\",\"@graph\":[{\"@type\":\"Article\",\"@id\":\"https:\/\/www.eckler.ca\/fr\/impact-des-reductions-de-taux-dinteret-sur-les-retraites-et-les-personnes-pres-de-la-retraite\/#article\",\"isPartOf\":{\"@id\":\"https:\/\/www.eckler.ca\/fr\/impact-des-reductions-de-taux-dinteret-sur-les-retraites-et-les-personnes-pres-de-la-retraite\/\"},\"author\":{\"name\":\"Selin Ozturk\",\"@id\":\"https:\/\/www.eckler.ca\/#\/schema\/person\/91f0a59f180b75344ee4dbad354e9a27\"},\"headline\":\"Impact des r\u00e9ductions de taux d\u2019int\u00e9r\u00eat sur les retrait\u00e9s et les personnes pr\u00e8s de la retraite\",\"datePublished\":\"2024-07-24T11:00:10+00:00\",\"dateModified\":\"2024-07-25T19:59:34+00:00\",\"mainEntityOfPage\":{\"@id\":\"https:\/\/www.eckler.ca\/fr\/impact-des-reductions-de-taux-dinteret-sur-les-retraites-et-les-personnes-pres-de-la-retraite\/\"},\"wordCount\":899,\"image\":{\"@id\":\"https:\/\/www.eckler.ca\/fr\/impact-des-reductions-de-taux-dinteret-sur-les-retraites-et-les-personnes-pres-de-la-retraite\/#primaryimage\"},\"thumbnailUrl\":\"https:\/\/www.eckler.ca\/app\/uploads\/2019\/07\/investment-graph-and-city-skyline-scene.jpg\",\"keywords\":[\"Conseil en mati\u00e8re de r\u00e9gimes de retraite \u00e0 cotisations d\u00e9finies\",\"\u00c9pargne-retraite\",\"Pensions \u00e0 cotisations d\u00e9finies\",\"Plans de capitalisation\",\"Plans de pension \u00e0 cotisations d\u00e9finies\",\"Ratio de remplacement du revenu brut\"],\"articleSection\":[\"CAPit\"],\"inLanguage\":\"fr-FR\"},{\"@type\":\"WebPage\",\"@id\":\"https:\/\/www.eckler.ca\/fr\/impact-des-reductions-de-taux-dinteret-sur-les-retraites-et-les-personnes-pres-de-la-retraite\/\",\"url\":\"https:\/\/www.eckler.ca\/fr\/impact-des-reductions-de-taux-dinteret-sur-les-retraites-et-les-personnes-pres-de-la-retraite\/\",\"name\":\"Impact des r\u00e9ductions de taux d\u2019int\u00e9r\u00eat sur les retrait\u00e9s et les personnes pr\u00e8s de la retraite - Eckler\",\"isPartOf\":{\"@id\":\"https:\/\/www.eckler.ca\/#website\"},\"primaryImageOfPage\":{\"@id\":\"https:\/\/www.eckler.ca\/fr\/impact-des-reductions-de-taux-dinteret-sur-les-retraites-et-les-personnes-pres-de-la-retraite\/#primaryimage\"},\"image\":{\"@id\":\"https:\/\/www.eckler.ca\/fr\/impact-des-reductions-de-taux-dinteret-sur-les-retraites-et-les-personnes-pres-de-la-retraite\/#primaryimage\"},\"thumbnailUrl\":\"https:\/\/www.eckler.ca\/app\/uploads\/2019\/07\/investment-graph-and-city-skyline-scene.jpg\",\"datePublished\":\"2024-07-24T11:00:10+00:00\",\"dateModified\":\"2024-07-25T19:59:34+00:00\",\"author\":{\"@id\":\"https:\/\/www.eckler.ca\/#\/schema\/person\/91f0a59f180b75344ee4dbad354e9a27\"},\"description\":\"Compte tenu de la corr\u00e9lation n\u00e9gative entre les taux d'int\u00e9r\u00eat et les rendements obligataires, les retrait\u00e9s et les quasi-retrait\u00e9s (qui ont souvent un horizon d'investissement plus court) qui d\u00e9pendent des revenus d'investissements obligataires ou \u00e0 revenu fixe peuvent \u00eatre amen\u00e9s, en cas de baisse des taux d'int\u00e9r\u00eat, \u00e0 modifier leurs plans de d\u00e9penses ou \u00e0 ajuster la r\u00e9partition de leurs actifs afin d'\u00e9quilibrer le besoin de revenus avec le d\u00e9sir de pr\u00e9server le capital et d'att\u00e9nuer les risques.\",\"breadcrumb\":{\"@id\":\"https:\/\/www.eckler.ca\/fr\/impact-des-reductions-de-taux-dinteret-sur-les-retraites-et-les-personnes-pres-de-la-retraite\/#breadcrumb\"},\"inLanguage\":\"fr-FR\",\"potentialAction\":[{\"@type\":\"ReadAction\",\"target\":[\"https:\/\/www.eckler.ca\/fr\/impact-des-reductions-de-taux-dinteret-sur-les-retraites-et-les-personnes-pres-de-la-retraite\/\"]}]},{\"@type\":\"ImageObject\",\"inLanguage\":\"fr-FR\",\"@id\":\"https:\/\/www.eckler.ca\/fr\/impact-des-reductions-de-taux-dinteret-sur-les-retraites-et-les-personnes-pres-de-la-retraite\/#primaryimage\",\"url\":\"https:\/\/www.eckler.ca\/app\/uploads\/2019\/07\/investment-graph-and-city-skyline-scene.jpg\",\"contentUrl\":\"https:\/\/www.eckler.ca\/app\/uploads\/2019\/07\/investment-graph-and-city-skyline-scene.jpg\",\"width\":1440,\"height\":960,\"caption\":\"investment graph and city skyline scene\"},{\"@type\":\"BreadcrumbList\",\"@id\":\"https:\/\/www.eckler.ca\/fr\/impact-des-reductions-de-taux-dinteret-sur-les-retraites-et-les-personnes-pres-de-la-retraite\/#breadcrumb\",\"itemListElement\":[{\"@type\":\"ListItem\",\"position\":1,\"name\":\"Accueil\",\"item\":\"https:\/\/www.eckler.ca\/fr\/\"},{\"@type\":\"ListItem\",\"position\":2,\"name\":\"Blogue\",\"item\":\"https:\/\/www.eckler.ca\/fr\/impact-des-reductions-de-taux-dinteret-sur-les-retraites-et-les-personnes-pres-de-la-retraite\/\"},{\"@type\":\"ListItem\",\"position\":3,\"name\":\"Impact des r\u00e9ductions de taux d\u2019int\u00e9r\u00eat sur les retrait\u00e9s et les personnes pr\u00e8s de la retraite\"}]},{\"@type\":\"WebSite\",\"@id\":\"https:\/\/www.eckler.ca\/#website\",\"url\":\"https:\/\/www.eckler.ca\/\",\"name\":\"Eckler\",\"description\":\"People-Powered Insights\",\"potentialAction\":[{\"@type\":\"SearchAction\",\"target\":{\"@type\":\"EntryPoint\",\"urlTemplate\":\"https:\/\/www.eckler.ca\/?s={search_term_string}\"},\"query-input\":{\"@type\":\"PropertyValueSpecification\",\"valueRequired\":true,\"valueName\":\"search_term_string\"}}],\"inLanguage\":\"fr-FR\"},{\"@type\":\"Person\",\"@id\":\"https:\/\/www.eckler.ca\/#\/schema\/person\/91f0a59f180b75344ee4dbad354e9a27\",\"name\":\"Selin Ozturk\",\"image\":{\"@type\":\"ImageObject\",\"inLanguage\":\"fr-FR\",\"@id\":\"https:\/\/www.eckler.ca\/#\/schema\/person\/image\/\",\"url\":\"https:\/\/secure.gravatar.com\/avatar\/43c9e5a3f85daffeaac2d23686762c043cd809bdfebffe359723c5576700110c?s=96&d=mm&r=g\",\"contentUrl\":\"https:\/\/secure.gravatar.com\/avatar\/43c9e5a3f85daffeaac2d23686762c043cd809bdfebffe359723c5576700110c?s=96&d=mm&r=g\",\"caption\":\"Selin Ozturk\"},\"url\":\"https:\/\/www.eckler.ca\/fr\/author\/sozturk\/\"}]}<\/script>\n<!-- \/ Yoast SEO Premium plugin. -->","yoast_head_json":{"title":"Impact des r\u00e9ductions de taux d\u2019int\u00e9r\u00eat sur les retrait\u00e9s et les personnes pr\u00e8s de la retraite - Eckler","description":"Compte tenu de la corr\u00e9lation n\u00e9gative entre les taux d'int\u00e9r\u00eat et les rendements obligataires, les retrait\u00e9s et les quasi-retrait\u00e9s (qui ont souvent un horizon d'investissement plus court) qui d\u00e9pendent des revenus d'investissements obligataires ou \u00e0 revenu fixe peuvent \u00eatre amen\u00e9s, en cas de baisse des taux d'int\u00e9r\u00eat, \u00e0 modifier leurs plans de d\u00e9penses ou \u00e0 ajuster la r\u00e9partition de leurs actifs afin d'\u00e9quilibrer le besoin de revenus avec le d\u00e9sir de pr\u00e9server le capital et d'att\u00e9nuer les risques.","robots":{"index":"index","follow":"follow","max-snippet":"max-snippet:-1","max-image-preview":"max-image-preview:large","max-video-preview":"max-video-preview:-1"},"canonical":"https:\/\/www.eckler.ca\/fr\/impact-des-reductions-de-taux-dinteret-sur-les-retraites-et-les-personnes-pres-de-la-retraite\/","og_locale":"fr_FR","og_type":"article","og_title":"Impact des r\u00e9ductions de taux d\u2019int\u00e9r\u00eat sur les retrait\u00e9s et les personnes pr\u00e8s de la retraite","og_description":"Compte tenu de la corr\u00e9lation n\u00e9gative entre les taux d'int\u00e9r\u00eat et les rendements obligataires, les retrait\u00e9s et les quasi-retrait\u00e9s (qui ont souvent un horizon d'investissement plus court) qui d\u00e9pendent des revenus d'investissements obligataires ou \u00e0 revenu fixe peuvent \u00eatre amen\u00e9s, en cas de baisse des taux d'int\u00e9r\u00eat, \u00e0 modifier leurs plans de d\u00e9penses ou \u00e0 ajuster la r\u00e9partition de leurs actifs afin d'\u00e9quilibrer le besoin de revenus avec le d\u00e9sir de pr\u00e9server le capital et d'att\u00e9nuer les risques.","og_url":"https:\/\/www.eckler.ca\/fr\/impact-des-reductions-de-taux-dinteret-sur-les-retraites-et-les-personnes-pres-de-la-retraite\/","og_site_name":"Eckler","article_published_time":"2024-07-24T11:00:10+00:00","article_modified_time":"2024-07-25T19:59:34+00:00","og_image":[{"width":1440,"height":960,"url":"https:\/\/www.eckler.ca\/app\/uploads\/2019\/07\/investment-graph-and-city-skyline-scene.jpg","type":"image\/jpeg"}],"author":"Selin Ozturk","twitter_card":"summary_large_image","twitter_misc":{"Written by":"Selin Ozturk","Est. reading time":"4 minutes"},"schema":{"@context":"https:\/\/schema.org","@graph":[{"@type":"Article","@id":"https:\/\/www.eckler.ca\/fr\/impact-des-reductions-de-taux-dinteret-sur-les-retraites-et-les-personnes-pres-de-la-retraite\/#article","isPartOf":{"@id":"https:\/\/www.eckler.ca\/fr\/impact-des-reductions-de-taux-dinteret-sur-les-retraites-et-les-personnes-pres-de-la-retraite\/"},"author":{"name":"Selin Ozturk","@id":"https:\/\/www.eckler.ca\/#\/schema\/person\/91f0a59f180b75344ee4dbad354e9a27"},"headline":"Impact des r\u00e9ductions de taux d\u2019int\u00e9r\u00eat sur les retrait\u00e9s et les personnes pr\u00e8s de la retraite","datePublished":"2024-07-24T11:00:10+00:00","dateModified":"2024-07-25T19:59:34+00:00","mainEntityOfPage":{"@id":"https:\/\/www.eckler.ca\/fr\/impact-des-reductions-de-taux-dinteret-sur-les-retraites-et-les-personnes-pres-de-la-retraite\/"},"wordCount":899,"image":{"@id":"https:\/\/www.eckler.ca\/fr\/impact-des-reductions-de-taux-dinteret-sur-les-retraites-et-les-personnes-pres-de-la-retraite\/#primaryimage"},"thumbnailUrl":"https:\/\/www.eckler.ca\/app\/uploads\/2019\/07\/investment-graph-and-city-skyline-scene.jpg","keywords":["Conseil en mati\u00e8re de r\u00e9gimes de retraite \u00e0 cotisations d\u00e9finies","\u00c9pargne-retraite","Pensions \u00e0 cotisations d\u00e9finies","Plans de capitalisation","Plans de pension \u00e0 cotisations d\u00e9finies","Ratio de remplacement du revenu brut"],"articleSection":["CAPit"],"inLanguage":"fr-FR"},{"@type":"WebPage","@id":"https:\/\/www.eckler.ca\/fr\/impact-des-reductions-de-taux-dinteret-sur-les-retraites-et-les-personnes-pres-de-la-retraite\/","url":"https:\/\/www.eckler.ca\/fr\/impact-des-reductions-de-taux-dinteret-sur-les-retraites-et-les-personnes-pres-de-la-retraite\/","name":"Impact des r\u00e9ductions de taux d\u2019int\u00e9r\u00eat sur les retrait\u00e9s et les personnes pr\u00e8s de la retraite - Eckler","isPartOf":{"@id":"https:\/\/www.eckler.ca\/#website"},"primaryImageOfPage":{"@id":"https:\/\/www.eckler.ca\/fr\/impact-des-reductions-de-taux-dinteret-sur-les-retraites-et-les-personnes-pres-de-la-retraite\/#primaryimage"},"image":{"@id":"https:\/\/www.eckler.ca\/fr\/impact-des-reductions-de-taux-dinteret-sur-les-retraites-et-les-personnes-pres-de-la-retraite\/#primaryimage"},"thumbnailUrl":"https:\/\/www.eckler.ca\/app\/uploads\/2019\/07\/investment-graph-and-city-skyline-scene.jpg","datePublished":"2024-07-24T11:00:10+00:00","dateModified":"2024-07-25T19:59:34+00:00","author":{"@id":"https:\/\/www.eckler.ca\/#\/schema\/person\/91f0a59f180b75344ee4dbad354e9a27"},"description":"Compte tenu de la corr\u00e9lation n\u00e9gative entre les taux d'int\u00e9r\u00eat et les rendements obligataires, les retrait\u00e9s et les quasi-retrait\u00e9s (qui ont souvent un horizon d'investissement plus court) qui d\u00e9pendent des revenus d'investissements obligataires ou \u00e0 revenu fixe peuvent \u00eatre amen\u00e9s, en cas de baisse des taux d'int\u00e9r\u00eat, \u00e0 modifier leurs plans de d\u00e9penses ou \u00e0 ajuster la r\u00e9partition de leurs actifs afin d'\u00e9quilibrer le besoin de revenus avec le d\u00e9sir de pr\u00e9server le capital et d'att\u00e9nuer les risques.","breadcrumb":{"@id":"https:\/\/www.eckler.ca\/fr\/impact-des-reductions-de-taux-dinteret-sur-les-retraites-et-les-personnes-pres-de-la-retraite\/#breadcrumb"},"inLanguage":"fr-FR","potentialAction":[{"@type":"ReadAction","target":["https:\/\/www.eckler.ca\/fr\/impact-des-reductions-de-taux-dinteret-sur-les-retraites-et-les-personnes-pres-de-la-retraite\/"]}]},{"@type":"ImageObject","inLanguage":"fr-FR","@id":"https:\/\/www.eckler.ca\/fr\/impact-des-reductions-de-taux-dinteret-sur-les-retraites-et-les-personnes-pres-de-la-retraite\/#primaryimage","url":"https:\/\/www.eckler.ca\/app\/uploads\/2019\/07\/investment-graph-and-city-skyline-scene.jpg","contentUrl":"https:\/\/www.eckler.ca\/app\/uploads\/2019\/07\/investment-graph-and-city-skyline-scene.jpg","width":1440,"height":960,"caption":"investment graph and city skyline scene"},{"@type":"BreadcrumbList","@id":"https:\/\/www.eckler.ca\/fr\/impact-des-reductions-de-taux-dinteret-sur-les-retraites-et-les-personnes-pres-de-la-retraite\/#breadcrumb","itemListElement":[{"@type":"ListItem","position":1,"name":"Accueil","item":"https:\/\/www.eckler.ca\/fr\/"},{"@type":"ListItem","position":2,"name":"Blogue","item":"https:\/\/www.eckler.ca\/fr\/impact-des-reductions-de-taux-dinteret-sur-les-retraites-et-les-personnes-pres-de-la-retraite\/"},{"@type":"ListItem","position":3,"name":"Impact des r\u00e9ductions de taux d\u2019int\u00e9r\u00eat sur les retrait\u00e9s et les personnes pr\u00e8s de la retraite"}]},{"@type":"WebSite","@id":"https:\/\/www.eckler.ca\/#website","url":"https:\/\/www.eckler.ca\/","name":"Eckler","description":"People-Powered Insights","potentialAction":[{"@type":"SearchAction","target":{"@type":"EntryPoint","urlTemplate":"https:\/\/www.eckler.ca\/?s={search_term_string}"},"query-input":{"@type":"PropertyValueSpecification","valueRequired":true,"valueName":"search_term_string"}}],"inLanguage":"fr-FR"},{"@type":"Person","@id":"https:\/\/www.eckler.ca\/#\/schema\/person\/91f0a59f180b75344ee4dbad354e9a27","name":"Selin Ozturk","image":{"@type":"ImageObject","inLanguage":"fr-FR","@id":"https:\/\/www.eckler.ca\/#\/schema\/person\/image\/","url":"https:\/\/secure.gravatar.com\/avatar\/43c9e5a3f85daffeaac2d23686762c043cd809bdfebffe359723c5576700110c?s=96&d=mm&r=g","contentUrl":"https:\/\/secure.gravatar.com\/avatar\/43c9e5a3f85daffeaac2d23686762c043cd809bdfebffe359723c5576700110c?s=96&d=mm&r=g","caption":"Selin Ozturk"},"url":"https:\/\/www.eckler.ca\/fr\/author\/sozturk\/"}]}},"_links":{"self":[{"href":"https:\/\/www.eckler.ca\/fr\/wp-json\/wp\/v2\/posts\/15235","targetHints":{"allow":["GET"]}}],"collection":[{"href":"https:\/\/www.eckler.ca\/fr\/wp-json\/wp\/v2\/posts"}],"about":[{"href":"https:\/\/www.eckler.ca\/fr\/wp-json\/wp\/v2\/types\/post"}],"author":[{"embeddable":true,"href":"https:\/\/www.eckler.ca\/fr\/wp-json\/wp\/v2\/users\/14"}],"replies":[{"embeddable":true,"href":"https:\/\/www.eckler.ca\/fr\/wp-json\/wp\/v2\/comments?post=15235"}],"version-history":[{"count":9,"href":"https:\/\/www.eckler.ca\/fr\/wp-json\/wp\/v2\/posts\/15235\/revisions"}],"predecessor-version":[{"id":15331,"href":"https:\/\/www.eckler.ca\/fr\/wp-json\/wp\/v2\/posts\/15235\/revisions\/15331"}],"wp:featuredmedia":[{"embeddable":true,"href":"https:\/\/www.eckler.ca\/fr\/wp-json\/wp\/v2\/media\/2703"}],"wp:attachment":[{"href":"https:\/\/www.eckler.ca\/fr\/wp-json\/wp\/v2\/media?parent=15235"}],"wp:term":[{"taxonomy":"category","embeddable":true,"href":"https:\/\/www.eckler.ca\/fr\/wp-json\/wp\/v2\/categories?post=15235"},{"taxonomy":"post_tag","embeddable":true,"href":"https:\/\/www.eckler.ca\/fr\/wp-json\/wp\/v2\/tags?post=15235"}],"curies":[{"name":"wp","href":"https:\/\/api.w.org\/{rel}","templated":true}]}}