{"id":14044,"date":"2023-10-11T07:47:36","date_gmt":"2023-10-11T11:47:36","guid":{"rendered":"https:\/\/www.eckler.ca\/?p=14044"},"modified":"2023-11-06T14:41:45","modified_gmt":"2023-11-06T19:41:45","slug":"enquete-deckler-sur-la-planification-de-la-remuneration-pour-2024","status":"publish","type":"post","link":"https:\/\/www.eckler.ca\/fr\/enquete-deckler-sur-la-planification-de-la-remuneration-pour-2024\/","title":{"rendered":"Enqu\u00eate d&#8217;Eckler sur la planification de la r\u00e9mun\u00e9ration 2024 : Le r\u00e9sum\u00e9 est maintenant disponible"},"content":{"rendered":"<div class=\"wpb-content-wrapper\"><p>[vc_row css=&#8221;.vc_custom_1624650189575{background-color: rgba(208,233,231,0.5) !important;*background-color: rgb(208,233,231) !important;}&#8221;][vc_column][basic_container container_size=&#8221;container container-narrow&#8221;][vc_column_text css=&#8221;.vc_custom_1697023973500{padding-top: 25px !important;padding-right: 25px !important;padding-bottom: 25px !important;padding-left: 25px !important;}&#8221;][\/vc_column_text][vc_column_text]<\/p>\n<h2><strong>Le r\u00e9sum\u00e9 <\/strong><\/h2>\n<p>Nous avons le plaisir de vous communiquer les r\u00e9sultats de notre enqu\u00eate annuelle sur la planification de la r\u00e9mun\u00e9ration. L&#8217;enqu\u00eate a \u00e9t\u00e9 men\u00e9e de juin \u00e0 ao\u00fbt 2023 et a recueilli les r\u00e9ponses de 370 organisations.<\/p>\n<p>Les r\u00e9sultats de l&#8217;enqu\u00eate r\u00e9v\u00e8lent que la moyenne nationale des augmentations des salaires de base pour 2024 est pr\u00e9vue \u00e0 3,9 % (\u00e0 l&#8217;exclusion des gels de salaires pr\u00e9vus) &#8211; l\u00e9g\u00e8rement inf\u00e9rieure \u00e0 l&#8217;augmentation pr\u00e9vue de 4,2 % pour 2023 et \u00e0 l&#8217;augmentation r\u00e9elle des salaires de base de 4,4 % pour 2023.<\/p>\n<blockquote><p>Avec pr\u00e8s de 58 % des organisations qui ne sont toujours pas s\u00fbres des changements \u00e0 apporter \u00e0 leur budget salarial pour 2024, le march\u00e9 de la r\u00e9mun\u00e9ration reste tr\u00e8s volatile et est influenc\u00e9 par de nombreux facteurs \u00e9conomiques et par la pression de la main-d&#8217;\u0153uvre.<\/p><\/blockquote>\n<p>[\/vc_column_text][vc_empty_space][vc_separator border_width=&#8221;2&#8243;][vc_column_text]Pour en savoir plus, remplissez le formulaire pour recevoir votre lien de t\u00e9l\u00e9chargement vers le r\u00e9sum\u00e9.[\/vc_column_text][\/basic_container][\/vc_column][\/vc_row][vc_row][vc_column][\/vc_column][\/vc_row]<\/p>\n<\/div>","protected":false},"excerpt":{"rendered":"<p>Merci de votre participation! Le rapport de l&#8217;enqu\u00eate d&#8217;Eckler sur la planification de la r\u00e9mun\u00e9ration pour 2024 est d\u00e9sormais disponible<\/p>\n","protected":false},"author":14,"featured_media":10827,"comment_status":"closed","ping_status":"closed","sticky":false,"template":"","format":"standard","meta":{"_acf_changed":false,"footnotes":""},"categories":[],"tags":[373,505,334,338,335],"class_list":["post-14044","post","type-post","status-publish","format-standard","has-post-thumbnail","hentry","tag-compensation-planning-fr","tag-gestion-des-remunerations","tag-la-remuneration","tag-programmes-de-remuneration-et-dincitation","tag-remuneration-totale","service-compensation-consulting"],"acf":[],"yoast_head":"<!-- This site is optimized with the Yoast SEO Premium plugin v26.8 (Yoast SEO v26.8) - https:\/\/yoast.com\/product\/yoast-seo-premium-wordpress\/ -->\n<title>Enqu\u00eate d&#039;Eckler sur la planification de la r\u00e9mun\u00e9ration 2024 : Le r\u00e9sum\u00e9 est maintenant disponible - Eckler<\/title>\n<meta name=\"description\" content=\"Les r\u00e9sultats de l&#039;enqu\u00eate r\u00e9v\u00e8lent que la moyenne nationale des augmentations du salaire de base pour 2024 est pr\u00e9vue \u00e0 3,9 % (\u00e0 l&#039;exclusion des gels de salaire pr\u00e9vus) - l\u00e9g\u00e8rement inf\u00e9rieure \u00e0 l&#039;augmentation pr\u00e9vue de 4,2 % pour 2023 et \u00e0 l&#039;augmentation r\u00e9elle du salaire de base de 4,4 % pour 2023.\" \/>\n<meta name=\"robots\" content=\"index, follow, max-snippet:-1, max-image-preview:large, max-video-preview:-1\" \/>\n<link rel=\"canonical\" href=\"https:\/\/www.eckler.ca\/ecklers-2024-compensation-planning-survey-2\/\" \/>\n<meta property=\"og:locale\" content=\"fr_FR\" \/>\n<meta property=\"og:type\" content=\"article\" \/>\n<meta property=\"og:title\" content=\"Enqu\u00eate d&#039;Eckler sur la planification de la r\u00e9mun\u00e9ration 2024 : Le r\u00e9sum\u00e9 est maintenant disponible\" \/>\n<meta property=\"og:description\" content=\"Les r\u00e9sultats de l&#039;enqu\u00eate r\u00e9v\u00e8lent que la moyenne nationale des augmentations du salaire de base pour 2024 est pr\u00e9vue \u00e0 3,9 % (\u00e0 l&#039;exclusion des gels de salaire pr\u00e9vus) - l\u00e9g\u00e8rement inf\u00e9rieure \u00e0 l&#039;augmentation pr\u00e9vue de 4,2 % pour 2023 et \u00e0 l&#039;augmentation r\u00e9elle du salaire de base de 4,4 % pour 2023.\" \/>\n<meta property=\"og:url\" content=\"https:\/\/www.eckler.ca\/ecklers-2024-compensation-planning-survey-2\/\" \/>\n<meta property=\"og:site_name\" content=\"Eckler\" \/>\n<meta property=\"article:published_time\" content=\"2023-10-11T11:47:36+00:00\" \/>\n<meta property=\"article:modified_time\" content=\"2023-11-06T19:41:45+00:00\" \/>\n<meta property=\"og:image\" content=\"https:\/\/www.eckler.ca\/app\/uploads\/2022\/07\/CompHeader-GettyImages-692271070-1.jpg\" \/>\n\t<meta property=\"og:image:width\" content=\"1773\" \/>\n\t<meta property=\"og:image:height\" content=\"1182\" \/>\n\t<meta property=\"og:image:type\" content=\"image\/jpeg\" \/>\n<meta name=\"author\" content=\"Selin Ozturk\" \/>\n<meta name=\"twitter:card\" content=\"summary_large_image\" \/>\n<meta name=\"twitter:label1\" content=\"Written by\" \/>\n\t<meta name=\"twitter:data1\" content=\"Selin Ozturk\" \/>\n\t<meta name=\"twitter:label2\" content=\"Est. reading time\" \/>\n\t<meta name=\"twitter:data2\" content=\"1 minute\" \/>\n<script type=\"application\/ld+json\" class=\"yoast-schema-graph\">{\"@context\":\"https:\/\/schema.org\",\"@graph\":[{\"@type\":\"Article\",\"@id\":\"https:\/\/www.eckler.ca\/ecklers-2024-compensation-planning-survey-2\/#article\",\"isPartOf\":{\"@id\":\"https:\/\/www.eckler.ca\/ecklers-2024-compensation-planning-survey-2\/\"},\"author\":{\"name\":\"Selin Ozturk\",\"@id\":\"https:\/\/www.eckler.ca\/#\/schema\/person\/91f0a59f180b75344ee4dbad354e9a27\"},\"headline\":\"Enqu\u00eate d&#8217;Eckler sur la planification de la r\u00e9mun\u00e9ration 2024 : Le r\u00e9sum\u00e9 est maintenant disponible\",\"datePublished\":\"2023-10-11T11:47:36+00:00\",\"dateModified\":\"2023-11-06T19:41:45+00:00\",\"mainEntityOfPage\":{\"@id\":\"https:\/\/www.eckler.ca\/ecklers-2024-compensation-planning-survey-2\/\"},\"wordCount\":251,\"image\":{\"@id\":\"https:\/\/www.eckler.ca\/ecklers-2024-compensation-planning-survey-2\/#primaryimage\"},\"thumbnailUrl\":\"https:\/\/www.eckler.ca\/app\/uploads\/2022\/07\/CompHeader-GettyImages-692271070-1.jpg\",\"keywords\":[\"Compensation Planning\",\"gestion des r\u00e9mun\u00e9rations\",\"La r\u00e9mun\u00e9ration\",\"Programmes de r\u00e9mun\u00e9ration et d'incitation\",\"R\u00e9mun\u00e9ration totale\"],\"inLanguage\":\"fr-FR\"},{\"@type\":\"WebPage\",\"@id\":\"https:\/\/www.eckler.ca\/ecklers-2024-compensation-planning-survey-2\/\",\"url\":\"https:\/\/www.eckler.ca\/ecklers-2024-compensation-planning-survey-2\/\",\"name\":\"Enqu\u00eate d'Eckler sur la planification de la r\u00e9mun\u00e9ration 2024 : Le r\u00e9sum\u00e9 est maintenant disponible - Eckler\",\"isPartOf\":{\"@id\":\"https:\/\/www.eckler.ca\/#website\"},\"primaryImageOfPage\":{\"@id\":\"https:\/\/www.eckler.ca\/ecklers-2024-compensation-planning-survey-2\/#primaryimage\"},\"image\":{\"@id\":\"https:\/\/www.eckler.ca\/ecklers-2024-compensation-planning-survey-2\/#primaryimage\"},\"thumbnailUrl\":\"https:\/\/www.eckler.ca\/app\/uploads\/2022\/07\/CompHeader-GettyImages-692271070-1.jpg\",\"datePublished\":\"2023-10-11T11:47:36+00:00\",\"dateModified\":\"2023-11-06T19:41:45+00:00\",\"author\":{\"@id\":\"https:\/\/www.eckler.ca\/#\/schema\/person\/91f0a59f180b75344ee4dbad354e9a27\"},\"description\":\"Les r\u00e9sultats de l'enqu\u00eate r\u00e9v\u00e8lent que la moyenne nationale des augmentations du salaire de base pour 2024 est pr\u00e9vue \u00e0 3,9 % (\u00e0 l'exclusion des gels de salaire pr\u00e9vus) - l\u00e9g\u00e8rement inf\u00e9rieure \u00e0 l'augmentation pr\u00e9vue de 4,2 % pour 2023 et \u00e0 l'augmentation r\u00e9elle du salaire de base de 4,4 % pour 2023.\",\"breadcrumb\":{\"@id\":\"https:\/\/www.eckler.ca\/ecklers-2024-compensation-planning-survey-2\/#breadcrumb\"},\"inLanguage\":\"fr-FR\",\"potentialAction\":[{\"@type\":\"ReadAction\",\"target\":[\"https:\/\/www.eckler.ca\/ecklers-2024-compensation-planning-survey-2\/\"]}]},{\"@type\":\"ImageObject\",\"inLanguage\":\"fr-FR\",\"@id\":\"https:\/\/www.eckler.ca\/ecklers-2024-compensation-planning-survey-2\/#primaryimage\",\"url\":\"https:\/\/www.eckler.ca\/app\/uploads\/2022\/07\/CompHeader-GettyImages-692271070-1.jpg\",\"contentUrl\":\"https:\/\/www.eckler.ca\/app\/uploads\/2022\/07\/CompHeader-GettyImages-692271070-1.jpg\",\"width\":1773,\"height\":1182},{\"@type\":\"BreadcrumbList\",\"@id\":\"https:\/\/www.eckler.ca\/ecklers-2024-compensation-planning-survey-2\/#breadcrumb\",\"itemListElement\":[{\"@type\":\"ListItem\",\"position\":1,\"name\":\"Accueil\",\"item\":\"https:\/\/www.eckler.ca\/fr\/\"},{\"@type\":\"ListItem\",\"position\":2,\"name\":\"Blogue\",\"item\":\"https:\/\/www.eckler.ca\/fr\/enquete-deckler-sur-la-planification-de-la-remuneration-pour-2024\/\"},{\"@type\":\"ListItem\",\"position\":3,\"name\":\"Enqu\u00eate d&#8217;Eckler sur la planification de la r\u00e9mun\u00e9ration 2024 : Le r\u00e9sum\u00e9 est maintenant disponible\"}]},{\"@type\":\"WebSite\",\"@id\":\"https:\/\/www.eckler.ca\/#website\",\"url\":\"https:\/\/www.eckler.ca\/\",\"name\":\"Eckler\",\"description\":\"People-Powered Insights\",\"potentialAction\":[{\"@type\":\"SearchAction\",\"target\":{\"@type\":\"EntryPoint\",\"urlTemplate\":\"https:\/\/www.eckler.ca\/?s={search_term_string}\"},\"query-input\":{\"@type\":\"PropertyValueSpecification\",\"valueRequired\":true,\"valueName\":\"search_term_string\"}}],\"inLanguage\":\"fr-FR\"},{\"@type\":\"Person\",\"@id\":\"https:\/\/www.eckler.ca\/#\/schema\/person\/91f0a59f180b75344ee4dbad354e9a27\",\"name\":\"Selin Ozturk\",\"image\":{\"@type\":\"ImageObject\",\"inLanguage\":\"fr-FR\",\"@id\":\"https:\/\/www.eckler.ca\/#\/schema\/person\/image\/\",\"url\":\"https:\/\/secure.gravatar.com\/avatar\/43c9e5a3f85daffeaac2d23686762c043cd809bdfebffe359723c5576700110c?s=96&d=mm&r=g\",\"contentUrl\":\"https:\/\/secure.gravatar.com\/avatar\/43c9e5a3f85daffeaac2d23686762c043cd809bdfebffe359723c5576700110c?s=96&d=mm&r=g\",\"caption\":\"Selin Ozturk\"},\"url\":\"https:\/\/www.eckler.ca\/fr\/author\/sozturk\/\"}]}<\/script>\n<!-- \/ Yoast SEO Premium plugin. -->","yoast_head_json":{"title":"Enqu\u00eate d'Eckler sur la planification de la r\u00e9mun\u00e9ration 2024 : Le r\u00e9sum\u00e9 est maintenant disponible - Eckler","description":"Les r\u00e9sultats de l'enqu\u00eate r\u00e9v\u00e8lent que la moyenne nationale des augmentations du salaire de base pour 2024 est pr\u00e9vue \u00e0 3,9 % (\u00e0 l'exclusion des gels de salaire pr\u00e9vus) - l\u00e9g\u00e8rement inf\u00e9rieure \u00e0 l'augmentation pr\u00e9vue de 4,2 % pour 2023 et \u00e0 l'augmentation r\u00e9elle du salaire de base de 4,4 % pour 2023.","robots":{"index":"index","follow":"follow","max-snippet":"max-snippet:-1","max-image-preview":"max-image-preview:large","max-video-preview":"max-video-preview:-1"},"canonical":"https:\/\/www.eckler.ca\/ecklers-2024-compensation-planning-survey-2\/","og_locale":"fr_FR","og_type":"article","og_title":"Enqu\u00eate d'Eckler sur la planification de la r\u00e9mun\u00e9ration 2024 : Le r\u00e9sum\u00e9 est maintenant disponible","og_description":"Les r\u00e9sultats de l'enqu\u00eate r\u00e9v\u00e8lent que la moyenne nationale des augmentations du salaire de base pour 2024 est pr\u00e9vue \u00e0 3,9 % (\u00e0 l'exclusion des gels de salaire pr\u00e9vus) - l\u00e9g\u00e8rement inf\u00e9rieure \u00e0 l'augmentation pr\u00e9vue de 4,2 % pour 2023 et \u00e0 l'augmentation r\u00e9elle du salaire de base de 4,4 % pour 2023.","og_url":"https:\/\/www.eckler.ca\/ecklers-2024-compensation-planning-survey-2\/","og_site_name":"Eckler","article_published_time":"2023-10-11T11:47:36+00:00","article_modified_time":"2023-11-06T19:41:45+00:00","og_image":[{"width":1773,"height":1182,"url":"https:\/\/www.eckler.ca\/app\/uploads\/2022\/07\/CompHeader-GettyImages-692271070-1.jpg","type":"image\/jpeg"}],"author":"Selin Ozturk","twitter_card":"summary_large_image","twitter_misc":{"Written by":"Selin Ozturk","Est. reading time":"1 minute"},"schema":{"@context":"https:\/\/schema.org","@graph":[{"@type":"Article","@id":"https:\/\/www.eckler.ca\/ecklers-2024-compensation-planning-survey-2\/#article","isPartOf":{"@id":"https:\/\/www.eckler.ca\/ecklers-2024-compensation-planning-survey-2\/"},"author":{"name":"Selin Ozturk","@id":"https:\/\/www.eckler.ca\/#\/schema\/person\/91f0a59f180b75344ee4dbad354e9a27"},"headline":"Enqu\u00eate d&#8217;Eckler sur la planification de la r\u00e9mun\u00e9ration 2024 : Le r\u00e9sum\u00e9 est maintenant disponible","datePublished":"2023-10-11T11:47:36+00:00","dateModified":"2023-11-06T19:41:45+00:00","mainEntityOfPage":{"@id":"https:\/\/www.eckler.ca\/ecklers-2024-compensation-planning-survey-2\/"},"wordCount":251,"image":{"@id":"https:\/\/www.eckler.ca\/ecklers-2024-compensation-planning-survey-2\/#primaryimage"},"thumbnailUrl":"https:\/\/www.eckler.ca\/app\/uploads\/2022\/07\/CompHeader-GettyImages-692271070-1.jpg","keywords":["Compensation Planning","gestion des r\u00e9mun\u00e9rations","La r\u00e9mun\u00e9ration","Programmes de r\u00e9mun\u00e9ration et d'incitation","R\u00e9mun\u00e9ration totale"],"inLanguage":"fr-FR"},{"@type":"WebPage","@id":"https:\/\/www.eckler.ca\/ecklers-2024-compensation-planning-survey-2\/","url":"https:\/\/www.eckler.ca\/ecklers-2024-compensation-planning-survey-2\/","name":"Enqu\u00eate d'Eckler sur la planification de la r\u00e9mun\u00e9ration 2024 : Le r\u00e9sum\u00e9 est maintenant disponible - Eckler","isPartOf":{"@id":"https:\/\/www.eckler.ca\/#website"},"primaryImageOfPage":{"@id":"https:\/\/www.eckler.ca\/ecklers-2024-compensation-planning-survey-2\/#primaryimage"},"image":{"@id":"https:\/\/www.eckler.ca\/ecklers-2024-compensation-planning-survey-2\/#primaryimage"},"thumbnailUrl":"https:\/\/www.eckler.ca\/app\/uploads\/2022\/07\/CompHeader-GettyImages-692271070-1.jpg","datePublished":"2023-10-11T11:47:36+00:00","dateModified":"2023-11-06T19:41:45+00:00","author":{"@id":"https:\/\/www.eckler.ca\/#\/schema\/person\/91f0a59f180b75344ee4dbad354e9a27"},"description":"Les r\u00e9sultats de l'enqu\u00eate r\u00e9v\u00e8lent que la moyenne nationale des augmentations du salaire de base pour 2024 est pr\u00e9vue \u00e0 3,9 % (\u00e0 l'exclusion des gels de salaire pr\u00e9vus) - l\u00e9g\u00e8rement inf\u00e9rieure \u00e0 l'augmentation pr\u00e9vue de 4,2 % pour 2023 et \u00e0 l'augmentation r\u00e9elle du salaire de base de 4,4 % pour 2023.","breadcrumb":{"@id":"https:\/\/www.eckler.ca\/ecklers-2024-compensation-planning-survey-2\/#breadcrumb"},"inLanguage":"fr-FR","potentialAction":[{"@type":"ReadAction","target":["https:\/\/www.eckler.ca\/ecklers-2024-compensation-planning-survey-2\/"]}]},{"@type":"ImageObject","inLanguage":"fr-FR","@id":"https:\/\/www.eckler.ca\/ecklers-2024-compensation-planning-survey-2\/#primaryimage","url":"https:\/\/www.eckler.ca\/app\/uploads\/2022\/07\/CompHeader-GettyImages-692271070-1.jpg","contentUrl":"https:\/\/www.eckler.ca\/app\/uploads\/2022\/07\/CompHeader-GettyImages-692271070-1.jpg","width":1773,"height":1182},{"@type":"BreadcrumbList","@id":"https:\/\/www.eckler.ca\/ecklers-2024-compensation-planning-survey-2\/#breadcrumb","itemListElement":[{"@type":"ListItem","position":1,"name":"Accueil","item":"https:\/\/www.eckler.ca\/fr\/"},{"@type":"ListItem","position":2,"name":"Blogue","item":"https:\/\/www.eckler.ca\/fr\/enquete-deckler-sur-la-planification-de-la-remuneration-pour-2024\/"},{"@type":"ListItem","position":3,"name":"Enqu\u00eate d&#8217;Eckler sur la planification de la r\u00e9mun\u00e9ration 2024 : Le r\u00e9sum\u00e9 est maintenant disponible"}]},{"@type":"WebSite","@id":"https:\/\/www.eckler.ca\/#website","url":"https:\/\/www.eckler.ca\/","name":"Eckler","description":"People-Powered Insights","potentialAction":[{"@type":"SearchAction","target":{"@type":"EntryPoint","urlTemplate":"https:\/\/www.eckler.ca\/?s={search_term_string}"},"query-input":{"@type":"PropertyValueSpecification","valueRequired":true,"valueName":"search_term_string"}}],"inLanguage":"fr-FR"},{"@type":"Person","@id":"https:\/\/www.eckler.ca\/#\/schema\/person\/91f0a59f180b75344ee4dbad354e9a27","name":"Selin Ozturk","image":{"@type":"ImageObject","inLanguage":"fr-FR","@id":"https:\/\/www.eckler.ca\/#\/schema\/person\/image\/","url":"https:\/\/secure.gravatar.com\/avatar\/43c9e5a3f85daffeaac2d23686762c043cd809bdfebffe359723c5576700110c?s=96&d=mm&r=g","contentUrl":"https:\/\/secure.gravatar.com\/avatar\/43c9e5a3f85daffeaac2d23686762c043cd809bdfebffe359723c5576700110c?s=96&d=mm&r=g","caption":"Selin Ozturk"},"url":"https:\/\/www.eckler.ca\/fr\/author\/sozturk\/"}]}},"_links":{"self":[{"href":"https:\/\/www.eckler.ca\/fr\/wp-json\/wp\/v2\/posts\/14044","targetHints":{"allow":["GET"]}}],"collection":[{"href":"https:\/\/www.eckler.ca\/fr\/wp-json\/wp\/v2\/posts"}],"about":[{"href":"https:\/\/www.eckler.ca\/fr\/wp-json\/wp\/v2\/types\/post"}],"author":[{"embeddable":true,"href":"https:\/\/www.eckler.ca\/fr\/wp-json\/wp\/v2\/users\/14"}],"replies":[{"embeddable":true,"href":"https:\/\/www.eckler.ca\/fr\/wp-json\/wp\/v2\/comments?post=14044"}],"version-history":[{"count":20,"href":"https:\/\/www.eckler.ca\/fr\/wp-json\/wp\/v2\/posts\/14044\/revisions"}],"predecessor-version":[{"id":14198,"href":"https:\/\/www.eckler.ca\/fr\/wp-json\/wp\/v2\/posts\/14044\/revisions\/14198"}],"wp:featuredmedia":[{"embeddable":true,"href":"https:\/\/www.eckler.ca\/fr\/wp-json\/wp\/v2\/media\/10827"}],"wp:attachment":[{"href":"https:\/\/www.eckler.ca\/fr\/wp-json\/wp\/v2\/media?parent=14044"}],"wp:term":[{"taxonomy":"category","embeddable":true,"href":"https:\/\/www.eckler.ca\/fr\/wp-json\/wp\/v2\/categories?post=14044"},{"taxonomy":"post_tag","embeddable":true,"href":"https:\/\/www.eckler.ca\/fr\/wp-json\/wp\/v2\/tags?post=14044"}],"curies":[{"name":"wp","href":"https:\/\/api.w.org\/{rel}","templated":true}]}}