{"id":13481,"date":"2023-08-01T08:00:37","date_gmt":"2023-08-01T12:00:37","guid":{"rendered":"https:\/\/www.eckler.ca\/?p=13481"},"modified":"2023-08-01T08:59:45","modified_gmt":"2023-08-01T12:59:45","slug":"une-retraite-sans-souci","status":"publish","type":"post","link":"https:\/\/www.eckler.ca\/fr\/une-retraite-sans-souci\/","title":{"rendered":"Une retraite sans souci"},"content":{"rendered":"<div class=\"wpb-content-wrapper\"><p>[vc_row][vc_column][basic_container container_size=&#8221;container container-narrow&#8221;][vc_column_text]<span style=\"color: #00425b;\"><strong><em>Outil de suivi des r\u00e9gimes de capitalisation (CAPit) \u2013 Juillet 2023<\/em><\/strong><\/span><\/p>\n<p>Les r\u00e9sultats des participants au r\u00e9gime de capitalisation (RC) ont poursuivi leur progression au deuxi\u00e8me trimestre\u00a02023, sous l&#8217;effet de l&#8217;augmentation des taux d\u2019achat de rente et des rendements positifs des march\u00e9s boursiers. Les ratios de remplacement du revenu brut ont atteint des sommets in\u00e9gal\u00e9s depuis pr\u00e8s de dix ans. Un participant type prenant sa retraite \u00e0 la fin du mois de juin\u00a02023 a atteint un ratio de remplacement du revenu brut de 62,7\u00a0%, alors que celui pour une participante a atteint 61,2\u00a0%.<\/p>\n<p><a href=\"https:\/\/www.eckler.ca\/app\/uploads\/2023\/07\/Graph_CAPit_27Jul21_FR.svg\"><img decoding=\"async\" class=\"alignnone size-full wp-image-13507\" src=\"https:\/\/www.eckler.ca\/app\/uploads\/2023\/07\/Graph_CAPit_27Jul21_FR.svg\" alt=\"CAPit graph en francais\" \/><\/a><\/p>\n<p>Dans le contexte \u00e9conomique actuel, les Canadiens restent pr\u00e9occup\u00e9s par leur capacit\u00e9 \u00e0 \u00e9pargner pour leur retraite. Le risque qu&#8217;ils n&#8217;aient pas assez d&#8217;\u00e9conomies tout au long de leur retraite est au c\u0153ur de leurs pr\u00e9occupations. La bonne nouvelle, c&#8217;est qu&#8217;il existe des moyens d&#8217;att\u00e9nuer ce risque. Les rentes sont une option qui m\u00e9rite d&#8217;\u00eatre explor\u00e9e. La moins bonne nouvelle est que relativement peu de Canadiens profitent de la stabilit\u00e9 financi\u00e8re que les rentes peuvent offrir.<\/p>\n<p>Alors que les taux d&#8217;int\u00e9r\u00eat n&#8217;ont jamais \u00e9t\u00e9 aussi \u00e9lev\u00e9s depuis plus d&#8217;une d\u00e9cennie et que, par cons\u00e9quent, la valeur des rentes augmente \u00e9galement, de nombreux Canadiens manquent encore de connaissances et se font de nombreuses id\u00e9es pr\u00e9con\u00e7ues. Les primes sont trop \u00e9lev\u00e9es par rapport au revenu fourni, vous \u00eates perdant si vous d\u00e9c\u00e9dez pr\u00e9matur\u00e9ment, vous pouvez gagner plus d&#8217;argent en investissant vous-m\u00eame\u00a0: toutes ces id\u00e9es pr\u00e9con\u00e7ues ne sont que quelques-uns des exemples les plus fr\u00e9quemment cit\u00e9s.<\/p>\n<p>Pourtant, le graphique ci-dessous montre que, pendant la plupart des ann\u00e9es au cours de la retraite, les rentes fournissent un revenu sup\u00e9rieur \u00e0 celui d&#8217;un FRV, m\u00eame dans le cas o\u00f9 les retraits maximaux sont effectu\u00e9s. Certains Canadiens (s&#8217;ils vivent au-del\u00e0 de 90\u00a0ans) \u00e9puiseront aussi leur argent s&#8217;ils retirent le maximum du FRV chaque ann\u00e9e et les frais d&#8217;investissement pour les particuliers \u00e9rodent \u00e9galement le revenu de retraite.[\/vc_column_text][vc_column_text]<a href=\"https:\/\/www.eckler.ca\/app\/uploads\/2023\/07\/Max-LIF-Withdrawal_FR-1.svg\"><img decoding=\"async\" class=\"alignnone size-full wp-image-13521\" src=\"https:\/\/www.eckler.ca\/app\/uploads\/2023\/07\/Max-LIF-Withdrawal_FR-1.svg\" alt=\"Retrait maximum du FRV graphique\" \/><\/a>Selon un r\u00e9cent sondage de la CIBC, pr\u00e8s des deux tiers des travailleurs canadiens craignent de manquer d&#8217;argent \u00e0 la retraite et plus d&#8217;un tiers d&#8217;entre eux retardent leurs projets de retraite parce qu&#8217;ils s&#8217;inqui\u00e8tent de l&#8217;ad\u00e9quation de leur revenu de retraite. Cela fait beaucoup de participants au RC qui s&#8217;inqui\u00e8tent \u00e0 propos de leur retraite et qui restent sur le march\u00e9 du travail plus longtemps qu&#8217;ils ne le voudraient.<\/p>\n<p>Nous encourageons les promoteurs de r\u00e9gimes de capitalisation \u00e0 s&#8217;inspirer des promoteurs de r\u00e9gimes \u00e0 prestations d\u00e9termin\u00e9es pour ce qui est des avantages du principe de rentes. L&#8217;an dernier, les promoteurs de r\u00e9gimes \u00e0 prestations d\u00e9termin\u00e9es ont enregistr\u00e9 une autre ann\u00e9e record en ce qui a trait \u00e0 l&#8217;achat de rentes, car ils reconnaissent la valeur de la transformation en rente comme strat\u00e9gie efficace d&#8217;att\u00e9nuation des risques.<\/p>\n<p>Pour favoriser le bien-\u00eatre financier de leurs employ\u00e9s et s&#8217;assurer que ceux-ci disposent des connaissances et du revenu n\u00e9cessaires pour prendre leur retraite quand ils le veulent et comme ils le veulent, les promoteurs de r\u00e9gimes de capitalisation devraient aider les participants \u00e0 comprendre le r\u00f4le du revenu garanti \u00e0 la retraite et les renseigner sur les avantages des rentes et d&#8217;autres sources de revenu garanti. Un examen des outils et des informations fournis par le fiduciaire du r\u00e9gime est un bon point de d\u00e9part.<\/p>\n<h4 style=\"text-align: left;\"><span style=\"color: #2f5167;\"><strong>Au sujet de l\u2019outil de suivi du revenu des r\u00e9gimes de capitalisation<\/strong><\/span><\/h4>\n<p style=\"text-align: left;\">L\u2019outil de suivi du revenu du r\u00e9gime de capitalisation pr\u00e9sume qu\u2019un participant a effectu\u00e9 des cotisations annuelles \u00e0 un rythme de 10 % \u00e0 compter de l\u2019\u00e2ge de 40 ans, qu\u2019il recevra les prestations maximales de la S\u00e9curit\u00e9 de la vieillesse et du R\u00e9gime de pensions du Canada\/ R\u00e9gime des rentes du Qu\u00e9bec, et qu\u2019il utilisera le solde de son compte du r\u00e9gime de capitalisation \u00e0 la retraite pour acheter une rente. Le compte du r\u00e9gime de capitalisation du participant est investi en fonction d\u2019une strat\u00e9gie \u00e9quilibr\u00e9e. Le salaire a \u00e9t\u00e9 rajust\u00e9 annuellement conform\u00e9ment aux changements du salaire moyen par activit\u00e9 \u00e9conomique et il est \u00e9tabli \u00e0 71 209 $ au 31 mars 2023.<\/p>\n<p>[\/vc_column_text][vc_column_text][\/vc_column_text][vc_separator css=&#8221;.vc_custom_1682530779571{background-color: #79c4bd !important;}&#8221;][vc_column_text]<strong>Hypoth\u00e8ses :<\/strong><br \/>\n<small><sup>\u2022 Solde de d\u00e9part de 100 000 $ <\/sup><\/small><br \/>\n<small><sup>\u2022 Investi 40\/50\/10 en actions mondiales\/obligations universelles\/esp\u00e8ces \u00e0 partir de 65-70 ans, puis 20\/70\/10 sur 20 ans \u00e0 partir de 70-90 ans.<\/sup><\/small><br \/>\n<small><sup>\u2022 Mod\u00e8le stochastique d&#8217;Eckler de 2023 pour les rendements du march\u00e9 des capitaux<\/sup><\/small><br \/>\n<small><sup>\u2022 Frais du FRV : 0,35 % pour les institutions, 2,0 % pour les particuliers <\/sup><\/small><br \/>\n<small><sup>\u2022 Taux de rente viag\u00e8re garantie 10 ans au 30 juin 2023, estim\u00e9 par Eckler. <\/sup><\/small>[\/vc_column_text][vc_column_text][\/vc_column_text][\/basic_container][\/vc_column][\/vc_row][vc_row][vc_column][vc_separator color=&#8221;custom&#8221; border_width=&#8221;3&#8243; accent_color=&#8221;#49bfb5&#8243;][\/vc_column][\/vc_row][vc_row][vc_column]\t<div class=\"row\">\n\t\t<div class=\"general-cta background-image-loading   gradient-background image \"  data-src=\"<149:https:\/\/www.eckler.ca\/app\/uploads\/2019\/03\/f2651f63a14cdfed1bf612269da8668f0e87b5e2-450x150.jpg,<319:https:\/\/www.eckler.ca\/app\/uploads\/2019\/03\/f2651f63a14cdfed1bf612269da8668f0e87b5e2-960x320.jpg,<479:https:\/\/www.eckler.ca\/app\/uploads\/2019\/03\/f2651f63a14cdfed1bf612269da8668f0e87b5e2-1440x480.jpg,<767:https:\/\/www.eckler.ca\/app\/uploads\/2019\/03\/f2651f63a14cdfed1bf612269da8668f0e87b5e2-1600x533.jpg,<991:https:\/\/www.eckler.ca\/app\/uploads\/2019\/03\/f2651f63a14cdfed1bf612269da8668f0e87b5e2-1599x533.jpg,<1199:https:\/\/www.eckler.ca\/app\/uploads\/2019\/03\/f2651f63a14cdfed1bf612269da8668f0e87b5e2-1600x533.jpg,<1399:https:\/\/www.eckler.ca\/app\/uploads\/2019\/03\/f2651f63a14cdfed1bf612269da8668f0e87b5e2-1600x533.jpg,>1400:https:\/\/www.eckler.ca\/app\/uploads\/2019\/03\/f2651f63a14cdfed1bf612269da8668f0e87b5e2-1600x533.jpg\">\n\t\t\t\t\t\t\t<div class=\"general-cta-gradient-bg\"><\/div>\n\t\t\t\t\t\t<div class=\"general-cta-overlay overlay-light\"><\/div>\n\t\t\t<div class=\"container\">\n\t\t\t\t<div class=\"row\">\n\t\t\t\t\t<div class=\"general-cta-box\">\n\t\t\t\t\t\t\t\t\t\t\t\t<div class=\"general-cta-button-only\"><\/div>\t\t\t\t\t\t\t\t\t\t\t\t\t<div class=\"general-cta-button\">\n\t\t\t\t\t\t\t\t<a href=\"https:\/\/www.eckler.ca\/app\/uploads\/2023\/07\/CAPit_Q2-2023-FR-FINAL.pdf\" target=\"_blank\" class=\"btn btn-primary btn-solid\" title=\"Home\">\n\t\t\t\t\t\t\t\t\tT\u00e9l\u00e9charger\t\t\t\t\t\t\t\t<\/a>\n\t\t\t\t\t\t\t<\/div>\n\t\t\t\t\t    \t\t\t\t\t<\/div>\n\t\t\t\t<\/div>\n\t\t\t<\/div>\n\t\t<\/div>\n\t<\/div>\n[\/vc_column][\/vc_row][vc_row][vc_column][basic_container container_size=&#8221;container container-narrow&#8221; bg_type=&#8221;solid&#8221; bg_color=&#8221;bg-light&#8221;][vc_column_text]<span style=\"font-size: small;\">Le pr\u00e9sent Outil de suivi des r\u00e9gimes de capitalisation (CAPit) a \u00e9t\u00e9 pr\u00e9par\u00e9 \u00e0 titre informatif seulement et ne constitue aucunement un avis professionnel. Veuillez communiquer avec un conseiller de chez Eckler si vous avez besoin d\u2019un avis professionnel fond\u00e9 sur le contenu du pr\u00e9sent CAPit. \u00a0 <\/span>[\/vc_column_text][\/basic_container][\/vc_column][\/vc_row]<\/p>\n<\/div>","protected":false},"excerpt":{"rendered":"<p>Les r\u00e9sultats des participants au r\u00e9gime de capitalisation (CAP) ont poursuivi leur progression au deuxi\u00e8me trimestre 2023, sous l&#8217;effet de l&#8217;augmentation des taux de rente et des rendements positifs des &hellip; [&#8230;]<\/p>\n","protected":false},"author":14,"featured_media":2703,"comment_status":"closed","ping_status":"closed","sticky":false,"template":"","format":"standard","meta":{"_acf_changed":false,"footnotes":""},"categories":[73],"tags":[],"class_list":["post-13481","post","type-post","status-publish","format-standard","has-post-thumbnail","hentry","category-capit-fr","service-consultation-sur-les-regimes-a-cotisations-determinees-et-les-regimes-de-capitalisation"],"acf":[],"yoast_head":"<!-- This site is optimized with the Yoast SEO Premium plugin v26.8 (Yoast SEO v26.8) - https:\/\/yoast.com\/product\/yoast-seo-premium-wordpress\/ -->\n<title>Une retraite sans souci - Eckler<\/title>\n<meta name=\"description\" content=\"Les r\u00e9sultats des participants au r\u00e9gime de capitalisation (CAP) ont poursuivi leur progression au deuxi\u00e8me trimestre 2023, sous l&#039;effet de l&#039;augmentation des taux de rente et des rendements positifs des march\u00e9s boursiers.\" \/>\n<meta name=\"robots\" content=\"index, follow, max-snippet:-1, max-image-preview:large, max-video-preview:-1\" \/>\n<link rel=\"canonical\" href=\"https:\/\/www.eckler.ca\/fr\/une-retraite-sans-souci\/\" \/>\n<meta property=\"og:locale\" content=\"fr_FR\" \/>\n<meta property=\"og:type\" content=\"article\" \/>\n<meta property=\"og:title\" content=\"Une retraite sans souci\" \/>\n<meta property=\"og:description\" content=\"Les r\u00e9sultats des participants au r\u00e9gime de capitalisation (CAP) ont poursuivi leur progression au deuxi\u00e8me trimestre 2023, sous l&#039;effet de l&#039;augmentation des taux de rente et des rendements positifs des march\u00e9s boursiers.\" \/>\n<meta property=\"og:url\" content=\"https:\/\/www.eckler.ca\/fr\/une-retraite-sans-souci\/\" \/>\n<meta property=\"og:site_name\" content=\"Eckler\" \/>\n<meta property=\"article:published_time\" content=\"2023-08-01T12:00:37+00:00\" \/>\n<meta property=\"article:modified_time\" content=\"2023-08-01T12:59:45+00:00\" \/>\n<meta property=\"og:image\" content=\"https:\/\/www.eckler.ca\/app\/uploads\/2019\/07\/investment-graph-and-city-skyline-scene.jpg\" \/>\n\t<meta property=\"og:image:width\" content=\"1440\" \/>\n\t<meta property=\"og:image:height\" content=\"960\" \/>\n\t<meta property=\"og:image:type\" content=\"image\/jpeg\" \/>\n<meta name=\"author\" content=\"Selin Ozturk\" \/>\n<meta name=\"twitter:card\" content=\"summary_large_image\" \/>\n<meta name=\"twitter:label1\" content=\"Written by\" \/>\n\t<meta name=\"twitter:data1\" content=\"Selin Ozturk\" \/>\n\t<meta name=\"twitter:label2\" content=\"Est. reading time\" \/>\n\t<meta name=\"twitter:data2\" content=\"4 minutes\" \/>\n<script type=\"application\/ld+json\" class=\"yoast-schema-graph\">{\"@context\":\"https:\/\/schema.org\",\"@graph\":[{\"@type\":\"Article\",\"@id\":\"https:\/\/www.eckler.ca\/fr\/une-retraite-sans-souci\/#article\",\"isPartOf\":{\"@id\":\"https:\/\/www.eckler.ca\/fr\/une-retraite-sans-souci\/\"},\"author\":{\"name\":\"Selin Ozturk\",\"@id\":\"https:\/\/www.eckler.ca\/#\/schema\/person\/91f0a59f180b75344ee4dbad354e9a27\"},\"headline\":\"Une retraite sans souci\",\"datePublished\":\"2023-08-01T12:00:37+00:00\",\"dateModified\":\"2023-08-01T12:59:45+00:00\",\"mainEntityOfPage\":{\"@id\":\"https:\/\/www.eckler.ca\/fr\/une-retraite-sans-souci\/\"},\"wordCount\":985,\"image\":{\"@id\":\"https:\/\/www.eckler.ca\/fr\/une-retraite-sans-souci\/#primaryimage\"},\"thumbnailUrl\":\"https:\/\/www.eckler.ca\/app\/uploads\/2019\/07\/investment-graph-and-city-skyline-scene.jpg\",\"articleSection\":[\"CAPit\"],\"inLanguage\":\"fr-FR\"},{\"@type\":\"WebPage\",\"@id\":\"https:\/\/www.eckler.ca\/fr\/une-retraite-sans-souci\/\",\"url\":\"https:\/\/www.eckler.ca\/fr\/une-retraite-sans-souci\/\",\"name\":\"Une retraite sans souci - Eckler\",\"isPartOf\":{\"@id\":\"https:\/\/www.eckler.ca\/#website\"},\"primaryImageOfPage\":{\"@id\":\"https:\/\/www.eckler.ca\/fr\/une-retraite-sans-souci\/#primaryimage\"},\"image\":{\"@id\":\"https:\/\/www.eckler.ca\/fr\/une-retraite-sans-souci\/#primaryimage\"},\"thumbnailUrl\":\"https:\/\/www.eckler.ca\/app\/uploads\/2019\/07\/investment-graph-and-city-skyline-scene.jpg\",\"datePublished\":\"2023-08-01T12:00:37+00:00\",\"dateModified\":\"2023-08-01T12:59:45+00:00\",\"author\":{\"@id\":\"https:\/\/www.eckler.ca\/#\/schema\/person\/91f0a59f180b75344ee4dbad354e9a27\"},\"description\":\"Les r\u00e9sultats des participants au r\u00e9gime de capitalisation (CAP) ont poursuivi leur progression au deuxi\u00e8me trimestre 2023, sous l'effet de l'augmentation des taux de rente et des rendements positifs des march\u00e9s boursiers.\",\"breadcrumb\":{\"@id\":\"https:\/\/www.eckler.ca\/fr\/une-retraite-sans-souci\/#breadcrumb\"},\"inLanguage\":\"fr-FR\",\"potentialAction\":[{\"@type\":\"ReadAction\",\"target\":[\"https:\/\/www.eckler.ca\/fr\/une-retraite-sans-souci\/\"]}]},{\"@type\":\"ImageObject\",\"inLanguage\":\"fr-FR\",\"@id\":\"https:\/\/www.eckler.ca\/fr\/une-retraite-sans-souci\/#primaryimage\",\"url\":\"https:\/\/www.eckler.ca\/app\/uploads\/2019\/07\/investment-graph-and-city-skyline-scene.jpg\",\"contentUrl\":\"https:\/\/www.eckler.ca\/app\/uploads\/2019\/07\/investment-graph-and-city-skyline-scene.jpg\",\"width\":1440,\"height\":960,\"caption\":\"investment graph and city skyline scene\"},{\"@type\":\"BreadcrumbList\",\"@id\":\"https:\/\/www.eckler.ca\/fr\/une-retraite-sans-souci\/#breadcrumb\",\"itemListElement\":[{\"@type\":\"ListItem\",\"position\":1,\"name\":\"Accueil\",\"item\":\"https:\/\/www.eckler.ca\/fr\/\"},{\"@type\":\"ListItem\",\"position\":2,\"name\":\"Blogue\",\"item\":\"https:\/\/www.eckler.ca\/fr\/une-retraite-sans-souci\/\"},{\"@type\":\"ListItem\",\"position\":3,\"name\":\"Une retraite sans souci\"}]},{\"@type\":\"WebSite\",\"@id\":\"https:\/\/www.eckler.ca\/#website\",\"url\":\"https:\/\/www.eckler.ca\/\",\"name\":\"Eckler\",\"description\":\"People-Powered Insights\",\"potentialAction\":[{\"@type\":\"SearchAction\",\"target\":{\"@type\":\"EntryPoint\",\"urlTemplate\":\"https:\/\/www.eckler.ca\/?s={search_term_string}\"},\"query-input\":{\"@type\":\"PropertyValueSpecification\",\"valueRequired\":true,\"valueName\":\"search_term_string\"}}],\"inLanguage\":\"fr-FR\"},{\"@type\":\"Person\",\"@id\":\"https:\/\/www.eckler.ca\/#\/schema\/person\/91f0a59f180b75344ee4dbad354e9a27\",\"name\":\"Selin Ozturk\",\"image\":{\"@type\":\"ImageObject\",\"inLanguage\":\"fr-FR\",\"@id\":\"https:\/\/www.eckler.ca\/#\/schema\/person\/image\/\",\"url\":\"https:\/\/secure.gravatar.com\/avatar\/43c9e5a3f85daffeaac2d23686762c043cd809bdfebffe359723c5576700110c?s=96&d=mm&r=g\",\"contentUrl\":\"https:\/\/secure.gravatar.com\/avatar\/43c9e5a3f85daffeaac2d23686762c043cd809bdfebffe359723c5576700110c?s=96&d=mm&r=g\",\"caption\":\"Selin Ozturk\"},\"url\":\"https:\/\/www.eckler.ca\/fr\/author\/sozturk\/\"}]}<\/script>\n<!-- \/ Yoast SEO Premium plugin. -->","yoast_head_json":{"title":"Une retraite sans souci - Eckler","description":"Les r\u00e9sultats des participants au r\u00e9gime de capitalisation (CAP) ont poursuivi leur progression au deuxi\u00e8me trimestre 2023, sous l'effet de l'augmentation des taux de rente et des rendements positifs des march\u00e9s boursiers.","robots":{"index":"index","follow":"follow","max-snippet":"max-snippet:-1","max-image-preview":"max-image-preview:large","max-video-preview":"max-video-preview:-1"},"canonical":"https:\/\/www.eckler.ca\/fr\/une-retraite-sans-souci\/","og_locale":"fr_FR","og_type":"article","og_title":"Une retraite sans souci","og_description":"Les r\u00e9sultats des participants au r\u00e9gime de capitalisation (CAP) ont poursuivi leur progression au deuxi\u00e8me trimestre 2023, sous l'effet de l'augmentation des taux de rente et des rendements positifs des march\u00e9s boursiers.","og_url":"https:\/\/www.eckler.ca\/fr\/une-retraite-sans-souci\/","og_site_name":"Eckler","article_published_time":"2023-08-01T12:00:37+00:00","article_modified_time":"2023-08-01T12:59:45+00:00","og_image":[{"width":1440,"height":960,"url":"https:\/\/www.eckler.ca\/app\/uploads\/2019\/07\/investment-graph-and-city-skyline-scene.jpg","type":"image\/jpeg"}],"author":"Selin Ozturk","twitter_card":"summary_large_image","twitter_misc":{"Written by":"Selin Ozturk","Est. reading time":"4 minutes"},"schema":{"@context":"https:\/\/schema.org","@graph":[{"@type":"Article","@id":"https:\/\/www.eckler.ca\/fr\/une-retraite-sans-souci\/#article","isPartOf":{"@id":"https:\/\/www.eckler.ca\/fr\/une-retraite-sans-souci\/"},"author":{"name":"Selin Ozturk","@id":"https:\/\/www.eckler.ca\/#\/schema\/person\/91f0a59f180b75344ee4dbad354e9a27"},"headline":"Une retraite sans souci","datePublished":"2023-08-01T12:00:37+00:00","dateModified":"2023-08-01T12:59:45+00:00","mainEntityOfPage":{"@id":"https:\/\/www.eckler.ca\/fr\/une-retraite-sans-souci\/"},"wordCount":985,"image":{"@id":"https:\/\/www.eckler.ca\/fr\/une-retraite-sans-souci\/#primaryimage"},"thumbnailUrl":"https:\/\/www.eckler.ca\/app\/uploads\/2019\/07\/investment-graph-and-city-skyline-scene.jpg","articleSection":["CAPit"],"inLanguage":"fr-FR"},{"@type":"WebPage","@id":"https:\/\/www.eckler.ca\/fr\/une-retraite-sans-souci\/","url":"https:\/\/www.eckler.ca\/fr\/une-retraite-sans-souci\/","name":"Une retraite sans souci - Eckler","isPartOf":{"@id":"https:\/\/www.eckler.ca\/#website"},"primaryImageOfPage":{"@id":"https:\/\/www.eckler.ca\/fr\/une-retraite-sans-souci\/#primaryimage"},"image":{"@id":"https:\/\/www.eckler.ca\/fr\/une-retraite-sans-souci\/#primaryimage"},"thumbnailUrl":"https:\/\/www.eckler.ca\/app\/uploads\/2019\/07\/investment-graph-and-city-skyline-scene.jpg","datePublished":"2023-08-01T12:00:37+00:00","dateModified":"2023-08-01T12:59:45+00:00","author":{"@id":"https:\/\/www.eckler.ca\/#\/schema\/person\/91f0a59f180b75344ee4dbad354e9a27"},"description":"Les r\u00e9sultats des participants au r\u00e9gime de capitalisation (CAP) ont poursuivi leur progression au deuxi\u00e8me trimestre 2023, sous l'effet de l'augmentation des taux de rente et des rendements positifs des march\u00e9s boursiers.","breadcrumb":{"@id":"https:\/\/www.eckler.ca\/fr\/une-retraite-sans-souci\/#breadcrumb"},"inLanguage":"fr-FR","potentialAction":[{"@type":"ReadAction","target":["https:\/\/www.eckler.ca\/fr\/une-retraite-sans-souci\/"]}]},{"@type":"ImageObject","inLanguage":"fr-FR","@id":"https:\/\/www.eckler.ca\/fr\/une-retraite-sans-souci\/#primaryimage","url":"https:\/\/www.eckler.ca\/app\/uploads\/2019\/07\/investment-graph-and-city-skyline-scene.jpg","contentUrl":"https:\/\/www.eckler.ca\/app\/uploads\/2019\/07\/investment-graph-and-city-skyline-scene.jpg","width":1440,"height":960,"caption":"investment graph and city skyline scene"},{"@type":"BreadcrumbList","@id":"https:\/\/www.eckler.ca\/fr\/une-retraite-sans-souci\/#breadcrumb","itemListElement":[{"@type":"ListItem","position":1,"name":"Accueil","item":"https:\/\/www.eckler.ca\/fr\/"},{"@type":"ListItem","position":2,"name":"Blogue","item":"https:\/\/www.eckler.ca\/fr\/une-retraite-sans-souci\/"},{"@type":"ListItem","position":3,"name":"Une retraite sans souci"}]},{"@type":"WebSite","@id":"https:\/\/www.eckler.ca\/#website","url":"https:\/\/www.eckler.ca\/","name":"Eckler","description":"People-Powered Insights","potentialAction":[{"@type":"SearchAction","target":{"@type":"EntryPoint","urlTemplate":"https:\/\/www.eckler.ca\/?s={search_term_string}"},"query-input":{"@type":"PropertyValueSpecification","valueRequired":true,"valueName":"search_term_string"}}],"inLanguage":"fr-FR"},{"@type":"Person","@id":"https:\/\/www.eckler.ca\/#\/schema\/person\/91f0a59f180b75344ee4dbad354e9a27","name":"Selin Ozturk","image":{"@type":"ImageObject","inLanguage":"fr-FR","@id":"https:\/\/www.eckler.ca\/#\/schema\/person\/image\/","url":"https:\/\/secure.gravatar.com\/avatar\/43c9e5a3f85daffeaac2d23686762c043cd809bdfebffe359723c5576700110c?s=96&d=mm&r=g","contentUrl":"https:\/\/secure.gravatar.com\/avatar\/43c9e5a3f85daffeaac2d23686762c043cd809bdfebffe359723c5576700110c?s=96&d=mm&r=g","caption":"Selin Ozturk"},"url":"https:\/\/www.eckler.ca\/fr\/author\/sozturk\/"}]}},"_links":{"self":[{"href":"https:\/\/www.eckler.ca\/fr\/wp-json\/wp\/v2\/posts\/13481","targetHints":{"allow":["GET"]}}],"collection":[{"href":"https:\/\/www.eckler.ca\/fr\/wp-json\/wp\/v2\/posts"}],"about":[{"href":"https:\/\/www.eckler.ca\/fr\/wp-json\/wp\/v2\/types\/post"}],"author":[{"embeddable":true,"href":"https:\/\/www.eckler.ca\/fr\/wp-json\/wp\/v2\/users\/14"}],"replies":[{"embeddable":true,"href":"https:\/\/www.eckler.ca\/fr\/wp-json\/wp\/v2\/comments?post=13481"}],"version-history":[{"count":17,"href":"https:\/\/www.eckler.ca\/fr\/wp-json\/wp\/v2\/posts\/13481\/revisions"}],"predecessor-version":[{"id":14113,"href":"https:\/\/www.eckler.ca\/fr\/wp-json\/wp\/v2\/posts\/13481\/revisions\/14113"}],"wp:featuredmedia":[{"embeddable":true,"href":"https:\/\/www.eckler.ca\/fr\/wp-json\/wp\/v2\/media\/2703"}],"wp:attachment":[{"href":"https:\/\/www.eckler.ca\/fr\/wp-json\/wp\/v2\/media?parent=13481"}],"wp:term":[{"taxonomy":"category","embeddable":true,"href":"https:\/\/www.eckler.ca\/fr\/wp-json\/wp\/v2\/categories?post=13481"},{"taxonomy":"post_tag","embeddable":true,"href":"https:\/\/www.eckler.ca\/fr\/wp-json\/wp\/v2\/tags?post=13481"}],"curies":[{"name":"wp","href":"https:\/\/api.w.org\/{rel}","templated":true}]}}