{"id":11926,"date":"2022-12-14T08:30:59","date_gmt":"2022-12-14T13:30:59","guid":{"rendered":"https:\/\/www.eckler.ca\/?p=11926"},"modified":"2022-12-14T09:01:02","modified_gmt":"2022-12-14T14:01:02","slug":"nous-developpons-nos-forces-dans-la-region-de-latlantique","status":"publish","type":"post","link":"https:\/\/www.eckler.ca\/fr\/nous-developpons-nos-forces-dans-la-region-de-latlantique\/","title":{"rendered":"Nous d\u00e9veloppons nos forces dans la r\u00e9gion de l\u2019Atlantique!"},"content":{"rendered":"<div class=\"wpb-content-wrapper\"><p>[vc_row][vc_column][basic_container container_size=&#8221;container container-narrow&#8221;][vc_column_text]<\/p>\n<h1>Eckler accueille un nouveau directeur principal au sein de l\u2019\u00e9quipe de la r\u00e9gion de l\u2019Atlantique<\/h1>\n<p>[\/vc_column_text]<div class=\"clearfix global-margin-y\"><\/div>[\/basic_container][basic_container container_size=&#8221;container container-narrow&#8221;][vc_column_text]<\/p>\n<h3>Eckler a le plaisir d\u2019accueillir <a href=\"https:\/\/www.eckler.ca\/team-members\/thane-mackay\/\" target=\"_blank\" rel=\"noopener\">Thane MacKay<\/a> dans son \u00e9quipe croissante d\u2019experts-conseils de la r\u00e9gion de l\u2019Atlantique.<\/h3>\n<p>[\/vc_column_text][vc_empty_space height=&#8221;24px&#8221;][vc_column_text]<img loading=\"lazy\" decoding=\"async\" class=\"alignright wp-image-11945\" src=\"https:\/\/www.eckler.ca\/app\/uploads\/2018\/12\/Were-Growing-6-1.png\" alt=\"Un graphique promotionnel pour annoncer l'embauche de Thane MacKay - le nouveau directeur principal d'Eckler au Canada atlantique. Le graphique comprend une photo de Thane dans la partie sup\u00e9rieure du torse ainsi que les mots : &quot;Accro\u00eetre notre expertise au Canada atlantique ! Bienvenue \u00e0 Thane MacKay, directeur principal, Canada atlantique. &quot; Suivi de &quot; \u00c9tablir des relations avec une expertise ind\u00e9pendante et impartiale au Canada atlantique &quot;. Traduit avec www.DeepL.com\/Translator (version gratuite)\" width=\"391\" height=\"323\" srcset=\"https:\/\/www.eckler.ca\/app\/uploads\/2018\/12\/Were-Growing-6-1.png 460w, https:\/\/www.eckler.ca\/app\/uploads\/2018\/12\/Were-Growing-6-1-300x248.png 300w\" sizes=\"auto, (max-width: 391px) 100vw, 391px\" \/>Natif de l\u2019\u00cele-du-Prince-\u00c9douard et bas\u00e9 \u00e0 Fredericton, au Nouveau-Brunswick, Thane poss\u00e8de 25 ans d\u2019exp\u00e9rience en actuariat-conseil, incluant une expertise dans les programmes d\u2019indemnisation pour accidents du travail. Actuaire qualifi\u00e9, Thane a travaill\u00e9 avec la plupart des commissions des accidents du travail (CAT) territoriales ou provinciales au Canada pour mener plusieurs \u00e9valuations sur la durabilit\u00e9 du financement et la red\u00e9finition de la tarification. En tant que v\u00e9t\u00e9ran chevronn\u00e9, il est r\u00e9guli\u00e8rement sollicit\u00e9 pour son expertise et a soutenu de nombreux cabinets, comit\u00e9s d\u2019examen et conseils d\u2019administration sur les modifications l\u00e9gislatives des CAT.<\/p>\n<p>\u00ab Nous sommes ravis d\u2019accueillir Thane dans l\u2019\u00e9quipe croissante d\u2019experts-conseils de la r\u00e9gion de l\u2019Atlantique, a d\u00e9clar\u00e9 Chris Brisbois, qui dirige la plus importante pratique de services-conseils en mati\u00e8re de r\u00e9gimes de retraite et d\u2019avantages sociaux chez Eckler. Il apporte une vaste exp\u00e9rience pour soutenir les commissions des accidents du travail du Canada ainsi que notre client\u00e8le diversifi\u00e9e dans plusieurs secteurs d\u2019activit\u00e9 d\u2019un oc\u00e9an \u00e0 l\u2019autre. \u00bb<\/p>\n<p>Un message de Thane\u00a0: \u00ab\u00a0Tout au long de ma carri\u00e8re, mon objectif a toujours \u00e9t\u00e9 de fournir des solutions de services-conseils et des conseils pour aider mes clients. J\u2019ai vraiment \u00e0 c\u0153ur l\u2019\u00e9tablissement de relations durables avec mes clients et mes coll\u00e8gues, et je vois cette m\u00eame volont\u00e9 au sein de la famille de professionnels engag\u00e9s et hautement qualifi\u00e9s d\u2019Eckler.\u00a0\u00bb<\/p>\n<p>Avant de joindre les rangs d\u2019Eckler, Thane a \u00e9t\u00e9 associ\u00e9 directeur pour la r\u00e9gion de l\u2019Atlantique d\u2019une autre grande soci\u00e9t\u00e9 de services-conseils, o\u00f9 il a dirig\u00e9 un groupe de travail diversifi\u00e9 sp\u00e9cialis\u00e9 dans les conseils en mati\u00e8re de retraite et d\u2019investissement, l\u2019administration des r\u00e9gimes de retraite et les conseils en mati\u00e8re d\u2019indemnisation des accidents du travail.<\/p>\n<p>Thane est un Fellow de l\u2019Institut canadien des actuaires (ICA) et de la Society of Actuaries (FSA). Il est actuellement membre du conseil de la r\u00e9gion de l\u2019Atlantique de l\u2019Institut canadien de la retraite et des avantages sociaux (ICRA) et membre de la Commission de la s\u00e9curit\u00e9 professionnelle et de l\u2019assurance contre les accidents du travail (WSIB) de l\u2019Ontario.<\/p>\n<p>Vous pouvez contacter Thane \u00e0 <a href=\"https:\/\/www.eckler.ca\/team-members\/thane-mackay\/\" target=\"_blank\" rel=\"noopener\">l\u2019adresse suivante<\/a>.[\/vc_column_text]<div class=\"clearfix global-margin-y\"><\/div>[vc_column_text]<\/p>\n<blockquote>\n<h2 style=\"text-align: left;\">Souhaitons la bienvenue \u00e0 Thane! Nous lui souhaitons beaucoup de succ\u00e8s dans son nouveau r\u00f4le.<\/h2>\n<\/blockquote>\n<p>[\/vc_column_text][\/basic_container]<div class=\"clearfix global-margin-y\"><\/div>[\/vc_column][\/vc_row]<\/p>\n<\/div>","protected":false},"excerpt":{"rendered":"<p>[vc_row][vc_column][basic_container container_size=&#8221;container container-narrow&#8221;][vc_column_text]<\/p>\n<p> Eckler accueille un nouveau directeur principal au sein de l\u2019\u00e9quipe de la r\u00e9gion de l\u2019Atlantique <\/p>\n<p>[\/vc_column_text][\/basic_container][basic_container container_size=&#8221;container container-narrow&#8221;][vc_column_text]<\/p>\n<p> Eckler a le plaisir d\u2019accueillir <a href=\"https:\/\/www.eckler.ca\/team-members\/thane-mackay\/\" target=\"_blank\" rel=\"noopener\">Thane &hellip; [&#8230;]<\/a><\/p>\n","protected":false},"author":3,"featured_media":370,"comment_status":"closed","ping_status":"closed","sticky":false,"template":"","format":"standard","meta":{"_acf_changed":false,"footnotes":""},"categories":[164],"tags":[367,255,253,427,301,426,257,425,239,256,304],"class_list":["post-11926","post","type-post","status-publish","format-standard","has-post-thumbnail","hentry","category-announcements","tag-conseil-actuariel","tag-consultation-en-regimes-de-retraite","tag-consultation-en-regimes-de-retraite-et-en-avantages-sociaux","tag-fredericton-fr","tag-indemnisation-des-travailleurs","tag-la-region-de-latlantique","tag-le-nouveau-brunswick","tag-nouvelles","tag-pensions-a-cotisations-definies","tag-regimes-de-retraite-a-prestations-determinees","tag-retraites","service-pension-consulting"],"acf":[],"yoast_head":"<!-- This site is optimized with the Yoast SEO Premium plugin v26.8 (Yoast SEO v26.8) - https:\/\/yoast.com\/product\/yoast-seo-premium-wordpress\/ -->\n<title>Nous d\u00e9veloppons nos forces dans la r\u00e9gion de l\u2019Atlantique! - Eckler<\/title>\n<meta name=\"description\" content=\"Natif de l\u2019\u00cele-du-Prince-\u00c9douard et bas\u00e9 \u00e0 Fredericton, au Nouveau-Brunswick, Thane poss\u00e8de 25 ans d\u2019exp\u00e9rience en actuariat-conseil, incluant une expertise dans les programmes d\u2019indemnisation pour accidents du travail.\" \/>\n<meta name=\"robots\" content=\"index, follow, max-snippet:-1, max-image-preview:large, max-video-preview:-1\" \/>\n<link rel=\"canonical\" href=\"https:\/\/www.eckler.ca\/fr\/nous-developpons-nos-forces-dans-la-region-de-latlantique\/\" \/>\n<meta property=\"og:locale\" content=\"fr_FR\" \/>\n<meta property=\"og:type\" content=\"article\" \/>\n<meta property=\"og:title\" content=\"Nous d\u00e9veloppons nos forces dans la r\u00e9gion de l\u2019Atlantique!\" \/>\n<meta property=\"og:description\" content=\"Natif de l\u2019\u00cele-du-Prince-\u00c9douard et bas\u00e9 \u00e0 Fredericton, au Nouveau-Brunswick, Thane poss\u00e8de 25 ans d\u2019exp\u00e9rience en actuariat-conseil, incluant une expertise dans les programmes d\u2019indemnisation pour accidents du travail.\" \/>\n<meta property=\"og:url\" content=\"https:\/\/www.eckler.ca\/fr\/nous-developpons-nos-forces-dans-la-region-de-latlantique\/\" \/>\n<meta property=\"og:site_name\" content=\"Eckler\" \/>\n<meta property=\"article:published_time\" content=\"2022-12-14T13:30:59+00:00\" \/>\n<meta property=\"article:modified_time\" content=\"2022-12-14T14:01:02+00:00\" \/>\n<meta property=\"og:image\" content=\"https:\/\/www.eckler.ca\/app\/uploads\/2019\/03\/humanizing.jpg\" \/>\n\t<meta property=\"og:image:width\" content=\"720\" \/>\n\t<meta property=\"og:image:height\" content=\"860\" \/>\n\t<meta property=\"og:image:type\" content=\"image\/jpeg\" \/>\n<meta name=\"author\" content=\"Nancy Lee Martin\" \/>\n<meta name=\"twitter:card\" content=\"summary_large_image\" \/>\n<meta name=\"twitter:label1\" content=\"Written by\" \/>\n\t<meta name=\"twitter:data1\" content=\"Nancy Lee Martin\" \/>\n\t<meta name=\"twitter:label2\" content=\"Est. reading time\" \/>\n\t<meta name=\"twitter:data2\" content=\"2 minutes\" \/>\n<script type=\"application\/ld+json\" class=\"yoast-schema-graph\">{\"@context\":\"https:\/\/schema.org\",\"@graph\":[{\"@type\":\"Article\",\"@id\":\"https:\/\/www.eckler.ca\/fr\/nous-developpons-nos-forces-dans-la-region-de-latlantique\/#article\",\"isPartOf\":{\"@id\":\"https:\/\/www.eckler.ca\/fr\/nous-developpons-nos-forces-dans-la-region-de-latlantique\/\"},\"author\":{\"name\":\"Nancy Lee Martin\",\"@id\":\"https:\/\/www.eckler.ca\/#\/schema\/person\/c4263423d670653f62769e3d8a19b9b0\"},\"headline\":\"Nous d\u00e9veloppons nos forces dans la r\u00e9gion de l\u2019Atlantique!\",\"datePublished\":\"2022-12-14T13:30:59+00:00\",\"dateModified\":\"2022-12-14T14:01:02+00:00\",\"mainEntityOfPage\":{\"@id\":\"https:\/\/www.eckler.ca\/fr\/nous-developpons-nos-forces-dans-la-region-de-latlantique\/\"},\"wordCount\":516,\"image\":{\"@id\":\"https:\/\/www.eckler.ca\/fr\/nous-developpons-nos-forces-dans-la-region-de-latlantique\/#primaryimage\"},\"thumbnailUrl\":\"https:\/\/www.eckler.ca\/app\/uploads\/2019\/03\/humanizing.jpg\",\"keywords\":[\"Conseil actuariel\",\"Consultation en r\u00e9gimes de retraite\",\"Consultation en r\u00e9gimes de retraite et en avantages sociaux\",\"Fredericton\",\"indemnisation des travailleurs\",\"la r\u00e9gion de l\u2019Atlantique\",\"Le Nouveau-Brunswick\",\"Nouvelles\",\"Pensions \u00e0 cotisations d\u00e9finies\",\"R\u00e9gimes de retraite \u00e0 prestations d\u00e9termin\u00e9es\",\"Retraites\"],\"articleSection\":[\"Announcements\"],\"inLanguage\":\"fr-FR\"},{\"@type\":\"WebPage\",\"@id\":\"https:\/\/www.eckler.ca\/fr\/nous-developpons-nos-forces-dans-la-region-de-latlantique\/\",\"url\":\"https:\/\/www.eckler.ca\/fr\/nous-developpons-nos-forces-dans-la-region-de-latlantique\/\",\"name\":\"Nous d\u00e9veloppons nos forces dans la r\u00e9gion de l\u2019Atlantique! - Eckler\",\"isPartOf\":{\"@id\":\"https:\/\/www.eckler.ca\/#website\"},\"primaryImageOfPage\":{\"@id\":\"https:\/\/www.eckler.ca\/fr\/nous-developpons-nos-forces-dans-la-region-de-latlantique\/#primaryimage\"},\"image\":{\"@id\":\"https:\/\/www.eckler.ca\/fr\/nous-developpons-nos-forces-dans-la-region-de-latlantique\/#primaryimage\"},\"thumbnailUrl\":\"https:\/\/www.eckler.ca\/app\/uploads\/2019\/03\/humanizing.jpg\",\"datePublished\":\"2022-12-14T13:30:59+00:00\",\"dateModified\":\"2022-12-14T14:01:02+00:00\",\"author\":{\"@id\":\"https:\/\/www.eckler.ca\/#\/schema\/person\/c4263423d670653f62769e3d8a19b9b0\"},\"description\":\"Natif de l\u2019\u00cele-du-Prince-\u00c9douard et bas\u00e9 \u00e0 Fredericton, au Nouveau-Brunswick, Thane poss\u00e8de 25 ans d\u2019exp\u00e9rience en actuariat-conseil, incluant une expertise dans les programmes d\u2019indemnisation pour accidents du travail.\",\"breadcrumb\":{\"@id\":\"https:\/\/www.eckler.ca\/fr\/nous-developpons-nos-forces-dans-la-region-de-latlantique\/#breadcrumb\"},\"inLanguage\":\"fr-FR\",\"potentialAction\":[{\"@type\":\"ReadAction\",\"target\":[\"https:\/\/www.eckler.ca\/fr\/nous-developpons-nos-forces-dans-la-region-de-latlantique\/\"]}]},{\"@type\":\"ImageObject\",\"inLanguage\":\"fr-FR\",\"@id\":\"https:\/\/www.eckler.ca\/fr\/nous-developpons-nos-forces-dans-la-region-de-latlantique\/#primaryimage\",\"url\":\"https:\/\/www.eckler.ca\/app\/uploads\/2019\/03\/humanizing.jpg\",\"contentUrl\":\"https:\/\/www.eckler.ca\/app\/uploads\/2019\/03\/humanizing.jpg\",\"width\":720,\"height\":860,\"caption\":\"Meeting at a workplace\"},{\"@type\":\"BreadcrumbList\",\"@id\":\"https:\/\/www.eckler.ca\/fr\/nous-developpons-nos-forces-dans-la-region-de-latlantique\/#breadcrumb\",\"itemListElement\":[{\"@type\":\"ListItem\",\"position\":1,\"name\":\"Accueil\",\"item\":\"https:\/\/www.eckler.ca\/fr\/\"},{\"@type\":\"ListItem\",\"position\":2,\"name\":\"Blogue\",\"item\":\"https:\/\/www.eckler.ca\/fr\/nous-developpons-nos-forces-dans-la-region-de-latlantique\/\"},{\"@type\":\"ListItem\",\"position\":3,\"name\":\"Nous d\u00e9veloppons nos forces dans la r\u00e9gion de l\u2019Atlantique!\"}]},{\"@type\":\"WebSite\",\"@id\":\"https:\/\/www.eckler.ca\/#website\",\"url\":\"https:\/\/www.eckler.ca\/\",\"name\":\"Eckler\",\"description\":\"People-Powered Insights\",\"potentialAction\":[{\"@type\":\"SearchAction\",\"target\":{\"@type\":\"EntryPoint\",\"urlTemplate\":\"https:\/\/www.eckler.ca\/?s={search_term_string}\"},\"query-input\":{\"@type\":\"PropertyValueSpecification\",\"valueRequired\":true,\"valueName\":\"search_term_string\"}}],\"inLanguage\":\"fr-FR\"},{\"@type\":\"Person\",\"@id\":\"https:\/\/www.eckler.ca\/#\/schema\/person\/c4263423d670653f62769e3d8a19b9b0\",\"name\":\"Nancy Lee Martin\",\"image\":{\"@type\":\"ImageObject\",\"inLanguage\":\"fr-FR\",\"@id\":\"https:\/\/www.eckler.ca\/#\/schema\/person\/image\/\",\"url\":\"https:\/\/secure.gravatar.com\/avatar\/69c3738de0ffcd52e3e7c97bee31d8bb5df74bf0a3dafa202c297e891122f64a?s=96&d=mm&r=g\",\"contentUrl\":\"https:\/\/secure.gravatar.com\/avatar\/69c3738de0ffcd52e3e7c97bee31d8bb5df74bf0a3dafa202c297e891122f64a?s=96&d=mm&r=g\",\"caption\":\"Nancy Lee Martin\"},\"url\":\"https:\/\/www.eckler.ca\/fr\/author\/nlmartin\/\"}]}<\/script>\n<!-- \/ Yoast SEO Premium plugin. -->","yoast_head_json":{"title":"Nous d\u00e9veloppons nos forces dans la r\u00e9gion de l\u2019Atlantique! - Eckler","description":"Natif de l\u2019\u00cele-du-Prince-\u00c9douard et bas\u00e9 \u00e0 Fredericton, au Nouveau-Brunswick, Thane poss\u00e8de 25 ans d\u2019exp\u00e9rience en actuariat-conseil, incluant une expertise dans les programmes d\u2019indemnisation pour accidents du travail.","robots":{"index":"index","follow":"follow","max-snippet":"max-snippet:-1","max-image-preview":"max-image-preview:large","max-video-preview":"max-video-preview:-1"},"canonical":"https:\/\/www.eckler.ca\/fr\/nous-developpons-nos-forces-dans-la-region-de-latlantique\/","og_locale":"fr_FR","og_type":"article","og_title":"Nous d\u00e9veloppons nos forces dans la r\u00e9gion de l\u2019Atlantique!","og_description":"Natif de l\u2019\u00cele-du-Prince-\u00c9douard et bas\u00e9 \u00e0 Fredericton, au Nouveau-Brunswick, Thane poss\u00e8de 25 ans d\u2019exp\u00e9rience en actuariat-conseil, incluant une expertise dans les programmes d\u2019indemnisation pour accidents du travail.","og_url":"https:\/\/www.eckler.ca\/fr\/nous-developpons-nos-forces-dans-la-region-de-latlantique\/","og_site_name":"Eckler","article_published_time":"2022-12-14T13:30:59+00:00","article_modified_time":"2022-12-14T14:01:02+00:00","og_image":[{"width":720,"height":860,"url":"https:\/\/www.eckler.ca\/app\/uploads\/2019\/03\/humanizing.jpg","type":"image\/jpeg"}],"author":"Nancy Lee Martin","twitter_card":"summary_large_image","twitter_misc":{"Written by":"Nancy Lee Martin","Est. reading time":"2 minutes"},"schema":{"@context":"https:\/\/schema.org","@graph":[{"@type":"Article","@id":"https:\/\/www.eckler.ca\/fr\/nous-developpons-nos-forces-dans-la-region-de-latlantique\/#article","isPartOf":{"@id":"https:\/\/www.eckler.ca\/fr\/nous-developpons-nos-forces-dans-la-region-de-latlantique\/"},"author":{"name":"Nancy Lee Martin","@id":"https:\/\/www.eckler.ca\/#\/schema\/person\/c4263423d670653f62769e3d8a19b9b0"},"headline":"Nous d\u00e9veloppons nos forces dans la r\u00e9gion de l\u2019Atlantique!","datePublished":"2022-12-14T13:30:59+00:00","dateModified":"2022-12-14T14:01:02+00:00","mainEntityOfPage":{"@id":"https:\/\/www.eckler.ca\/fr\/nous-developpons-nos-forces-dans-la-region-de-latlantique\/"},"wordCount":516,"image":{"@id":"https:\/\/www.eckler.ca\/fr\/nous-developpons-nos-forces-dans-la-region-de-latlantique\/#primaryimage"},"thumbnailUrl":"https:\/\/www.eckler.ca\/app\/uploads\/2019\/03\/humanizing.jpg","keywords":["Conseil actuariel","Consultation en r\u00e9gimes de retraite","Consultation en r\u00e9gimes de retraite et en avantages sociaux","Fredericton","indemnisation des travailleurs","la r\u00e9gion de l\u2019Atlantique","Le Nouveau-Brunswick","Nouvelles","Pensions \u00e0 cotisations d\u00e9finies","R\u00e9gimes de retraite \u00e0 prestations d\u00e9termin\u00e9es","Retraites"],"articleSection":["Announcements"],"inLanguage":"fr-FR"},{"@type":"WebPage","@id":"https:\/\/www.eckler.ca\/fr\/nous-developpons-nos-forces-dans-la-region-de-latlantique\/","url":"https:\/\/www.eckler.ca\/fr\/nous-developpons-nos-forces-dans-la-region-de-latlantique\/","name":"Nous d\u00e9veloppons nos forces dans la r\u00e9gion de l\u2019Atlantique! - Eckler","isPartOf":{"@id":"https:\/\/www.eckler.ca\/#website"},"primaryImageOfPage":{"@id":"https:\/\/www.eckler.ca\/fr\/nous-developpons-nos-forces-dans-la-region-de-latlantique\/#primaryimage"},"image":{"@id":"https:\/\/www.eckler.ca\/fr\/nous-developpons-nos-forces-dans-la-region-de-latlantique\/#primaryimage"},"thumbnailUrl":"https:\/\/www.eckler.ca\/app\/uploads\/2019\/03\/humanizing.jpg","datePublished":"2022-12-14T13:30:59+00:00","dateModified":"2022-12-14T14:01:02+00:00","author":{"@id":"https:\/\/www.eckler.ca\/#\/schema\/person\/c4263423d670653f62769e3d8a19b9b0"},"description":"Natif de l\u2019\u00cele-du-Prince-\u00c9douard et bas\u00e9 \u00e0 Fredericton, au Nouveau-Brunswick, Thane poss\u00e8de 25 ans d\u2019exp\u00e9rience en actuariat-conseil, incluant une expertise dans les programmes d\u2019indemnisation pour accidents du travail.","breadcrumb":{"@id":"https:\/\/www.eckler.ca\/fr\/nous-developpons-nos-forces-dans-la-region-de-latlantique\/#breadcrumb"},"inLanguage":"fr-FR","potentialAction":[{"@type":"ReadAction","target":["https:\/\/www.eckler.ca\/fr\/nous-developpons-nos-forces-dans-la-region-de-latlantique\/"]}]},{"@type":"ImageObject","inLanguage":"fr-FR","@id":"https:\/\/www.eckler.ca\/fr\/nous-developpons-nos-forces-dans-la-region-de-latlantique\/#primaryimage","url":"https:\/\/www.eckler.ca\/app\/uploads\/2019\/03\/humanizing.jpg","contentUrl":"https:\/\/www.eckler.ca\/app\/uploads\/2019\/03\/humanizing.jpg","width":720,"height":860,"caption":"Meeting at a workplace"},{"@type":"BreadcrumbList","@id":"https:\/\/www.eckler.ca\/fr\/nous-developpons-nos-forces-dans-la-region-de-latlantique\/#breadcrumb","itemListElement":[{"@type":"ListItem","position":1,"name":"Accueil","item":"https:\/\/www.eckler.ca\/fr\/"},{"@type":"ListItem","position":2,"name":"Blogue","item":"https:\/\/www.eckler.ca\/fr\/nous-developpons-nos-forces-dans-la-region-de-latlantique\/"},{"@type":"ListItem","position":3,"name":"Nous d\u00e9veloppons nos forces dans la r\u00e9gion de l\u2019Atlantique!"}]},{"@type":"WebSite","@id":"https:\/\/www.eckler.ca\/#website","url":"https:\/\/www.eckler.ca\/","name":"Eckler","description":"People-Powered Insights","potentialAction":[{"@type":"SearchAction","target":{"@type":"EntryPoint","urlTemplate":"https:\/\/www.eckler.ca\/?s={search_term_string}"},"query-input":{"@type":"PropertyValueSpecification","valueRequired":true,"valueName":"search_term_string"}}],"inLanguage":"fr-FR"},{"@type":"Person","@id":"https:\/\/www.eckler.ca\/#\/schema\/person\/c4263423d670653f62769e3d8a19b9b0","name":"Nancy Lee Martin","image":{"@type":"ImageObject","inLanguage":"fr-FR","@id":"https:\/\/www.eckler.ca\/#\/schema\/person\/image\/","url":"https:\/\/secure.gravatar.com\/avatar\/69c3738de0ffcd52e3e7c97bee31d8bb5df74bf0a3dafa202c297e891122f64a?s=96&d=mm&r=g","contentUrl":"https:\/\/secure.gravatar.com\/avatar\/69c3738de0ffcd52e3e7c97bee31d8bb5df74bf0a3dafa202c297e891122f64a?s=96&d=mm&r=g","caption":"Nancy Lee Martin"},"url":"https:\/\/www.eckler.ca\/fr\/author\/nlmartin\/"}]}},"_links":{"self":[{"href":"https:\/\/www.eckler.ca\/fr\/wp-json\/wp\/v2\/posts\/11926","targetHints":{"allow":["GET"]}}],"collection":[{"href":"https:\/\/www.eckler.ca\/fr\/wp-json\/wp\/v2\/posts"}],"about":[{"href":"https:\/\/www.eckler.ca\/fr\/wp-json\/wp\/v2\/types\/post"}],"author":[{"embeddable":true,"href":"https:\/\/www.eckler.ca\/fr\/wp-json\/wp\/v2\/users\/3"}],"replies":[{"embeddable":true,"href":"https:\/\/www.eckler.ca\/fr\/wp-json\/wp\/v2\/comments?post=11926"}],"version-history":[{"count":11,"href":"https:\/\/www.eckler.ca\/fr\/wp-json\/wp\/v2\/posts\/11926\/revisions"}],"predecessor-version":[{"id":11948,"href":"https:\/\/www.eckler.ca\/fr\/wp-json\/wp\/v2\/posts\/11926\/revisions\/11948"}],"wp:featuredmedia":[{"embeddable":true,"href":"https:\/\/www.eckler.ca\/fr\/wp-json\/wp\/v2\/media\/370"}],"wp:attachment":[{"href":"https:\/\/www.eckler.ca\/fr\/wp-json\/wp\/v2\/media?parent=11926"}],"wp:term":[{"taxonomy":"category","embeddable":true,"href":"https:\/\/www.eckler.ca\/fr\/wp-json\/wp\/v2\/categories?post=11926"},{"taxonomy":"post_tag","embeddable":true,"href":"https:\/\/www.eckler.ca\/fr\/wp-json\/wp\/v2\/tags?post=11926"}],"curies":[{"name":"wp","href":"https:\/\/api.w.org\/{rel}","templated":true}]}}