{"id":10699,"date":"2022-06-28T07:30:51","date_gmt":"2022-06-28T11:30:51","guid":{"rendered":"https:\/\/www.eckler.ca\/reduction-des-risques-lies-aux-regimes-de-retraite-dans-le-marche-actuel\/"},"modified":"2022-11-23T16:42:05","modified_gmt":"2022-11-23T21:42:05","slug":"reduction-des-risques-lies-aux-regimes-de-retraite-dans-le-marche-actuel","status":"publish","type":"post","link":"https:\/\/www.eckler.ca\/fr\/reduction-des-risques-lies-aux-regimes-de-retraite-dans-le-marche-actuel\/","title":{"rendered":"R\u00e9duction des risques li\u00e9s aux r\u00e9gimes de retraite dans le march\u00e9 actuel"},"content":{"rendered":"<div class=\"wpb-content-wrapper\"><p>[vc_row][vc_column][basic_container container_size=&#8221;container container-narrow&#8221;][vc_column_text]<\/p>\n<p style=\"text-align: left;\"><span style=\"color: #00425b;\"><strong><em>Perspectives TRR \u2013 <\/em>Juin 2022<\/strong><\/span><\/p>\n<p>[\/vc_column_text][vc_column_text]<\/p>\n<h2>Avec une inflation qui atteint des niveaux jamais franchis depuis\u00a01991, trois\u00a0augmentations successives du taux d\u2019int\u00e9r\u00eat de la Banque du Canada au cours du premier semestre de\u00a02022 et d\u2019autres en vue, les pr\u00e9occupations sont grandes concernant les perspectives de l\u2019\u00e9conomie canadienne. Par contre, ces \u00e9v\u00e9nements pourraient-ils s\u2019av\u00e9rer avantageux pour les r\u00e9gimes de retraite?<\/h2>\n<p>Les taux d\u2019int\u00e9r\u00eat \u00e0 court terme ont augment\u00e9 passant de 0,2\u00a0% au d\u00e9but de\u00a02022 \u00e0 1,5\u00a0% en juin. Alors qu\u2019on s\u2019attend \u00e0 d\u2019autres hausses des taux d\u2019int\u00e9r\u00eat, les rendements obligataires \u00e0 long terme, qui \u00e9taient de pr\u00e8s de 1,7\u00a0%, ont atteints environ 3\u00a0% au cours de la m\u00eame p\u00e9riode, soit un niveau sans pr\u00e9c\u00e9dent depuis\u00a02014. La bonne nouvelle? L\u2019augmentation des rendements obligataires \u00e0 long terme se traduit par une r\u00e9duction du co\u00fbt requis pour assurer les prestations des participants aux r\u00e9gimes de retraite par l\u2019interm\u00e9diaire d\u2019un achat de rentes. Pour un r\u00e9gime \u00e0 prestations d\u00e9termin\u00e9es (PD), ce co\u00fbt a probablement diminu\u00e9 de\u00a010 \u00e0 15\u00a0% depuis le d\u00e9but de l\u2019ann\u00e9e.<\/p>\n<p>M\u00eame si les march\u00e9s boursiers ont consid\u00e9rablement recul\u00e9 jusqu\u2019\u00e0 maintenant en\u00a02022, il est possible que la chute de la valeur de l\u2019actif des r\u00e9gimes n\u2019ait pas \u00e9t\u00e9 aussi prononc\u00e9e que la r\u00e9duction de la valeur du passif actuariel des r\u00e9gimes sous la base de la solvabilit\u00e9 ou de la terminaison. Cela signifie que l\u2019achat de rentes ou l\u2019ex\u00e9cution d\u2019autres strat\u00e9gies similaires de r\u00e9duction des risques peuvent devenir abordables et permettre aux promoteurs de r\u00e9gimes d\u2019att\u00e9nuer ou d\u2019\u00e9liminer les risques li\u00e9s aux r\u00e9gimes de retraite dans leur bilan en limitant la capitalisation suppl\u00e9mentaire requise, ou m\u00eame sans aucune cotisation suppl\u00e9mentaire.<\/p>\n<p>Cette bonne nouvelle repr\u00e9sente assur\u00e9ment un r\u00e9pit que les promoteurs de r\u00e9gimes\u00a0PD accueillent avec soulagement. Cependant, comme la situation actuelle pourrait s\u2019inverser rapidement, un examen de la strat\u00e9gie de placements \u00e0 court et \u00e0 long terme d\u2019un r\u00e9gime dans la perspective de s\u00e9curiser toute am\u00e9lioration du niveau de la capitalisation peut s\u2019av\u00e9rer fructueux, particuli\u00e8rement si le transfert des risques est une priorit\u00e9 \u00e0 court terme pour les promoteurs du r\u00e9gime. Apr\u00e8s l\u2019ann\u00e9e\u00a02021, qui a \u00e9t\u00e9 marqu\u00e9e par une tr\u00e8s forte activit\u00e9 sur le march\u00e9 du transfert des risques li\u00e9s aux r\u00e9gimes de retraite (TRR), de nombreux promoteurs de r\u00e9gimes continuent de prendre des mesures en ce sens. On peut ainsi pr\u00e9voir que la capacit\u00e9 des assureurs se resserrera de nouveau au cours du deuxi\u00e8me semestre de l\u2019ann\u00e9e.<\/p>\n<p>De fait, selon des documents publi\u00e9s par l\u2019Autorit\u00e9 ontarienne de r\u00e9glementation des services financiers (ARSF), les donn\u00e9es provenant des mises \u00e0 jour trimestrielles des deux\u00a0derni\u00e8res ann\u00e9es concernant le niveau de la solvabilit\u00e9 des r\u00e9gimes\u00a0PD en Ontario illustrent la corr\u00e9lation positive qui existe entre l\u2019am\u00e9lioration du niveau de capitalisation des r\u00e9gimes\u00a0PD et le nombre de transactions de rentes collectives sur le march\u00e9 du TRR.<\/p>\n<div id=\"attachment_10715\" style=\"width: 910px\" class=\"wp-caption aligncenter\"><img loading=\"lazy\" decoding=\"async\" aria-describedby=\"caption-attachment-10715\" class=\"wp-image-10715\" src=\"https:\/\/www.eckler.ca\/app\/uploads\/2021\/06\/Transactions-FR-1-1024x544.png\" alt=\"Un graphique qui montre le nombre de transactions par rapport au ratio de solvabilit\u00e9 financ\u00e9 m\u00e9dian du T1 2020 au T1 2022. Au T1 2020, le taux de solvabilit\u00e9 des m\u00e9dias \u00e9tait de 85 % (12 transactions) alors qu'au T1 2022, le ratio de solvabilit\u00e9 financ\u00e9 des m\u00e9dias est de 112 % (28 transactions.)\" width=\"900\" height=\"478\" srcset=\"https:\/\/www.eckler.ca\/app\/uploads\/2021\/06\/Transactions-FR-1-1024x544.png 1024w, https:\/\/www.eckler.ca\/app\/uploads\/2021\/06\/Transactions-FR-1-300x159.png 300w, https:\/\/www.eckler.ca\/app\/uploads\/2021\/06\/Transactions-FR-1-768x408.png 768w, https:\/\/www.eckler.ca\/app\/uploads\/2021\/06\/Transactions-FR-1-1536x815.png 1536w, https:\/\/www.eckler.ca\/app\/uploads\/2021\/06\/Transactions-FR-1-2048x1087.png 2048w\" sizes=\"auto, (max-width: 900px) 100vw, 900px\" \/><p id=\"caption-attachment-10715\" class=\"wp-caption-text\"><small>Source : Mise \u00e0 jour trimestrielle de l\u2019ARSF sur l\u2019estimation du degr\u00e9 de solvabilit\u00e9 des r\u00e9gimes de retraite \u00e0 prestations d\u00e9termin\u00e9es en Ontario pour la p\u00e9riode allant du T1 2020 au T1 2022; donn\u00e9es recueillies directement aupr\u00e8s des assureurs.<\/small><\/p><\/div>\n<p>&nbsp;<\/p>\n<p>Comme le montre le graphique ci-dessus, la tendance annuelle des transactions sur le march\u00e9 des rentes se caract\u00e9rise par un faible nombre de ventes durant le premier trimestre de l\u2019ann\u00e9e et une augmentation graduelle des transactions chaque trimestre, jusqu\u2019\u00e0 la fin de l\u2019ann\u00e9e. Au T1\u00a02022, on a enregistr\u00e9 deux\u00a0fois plus de transactions que durant le premier trimestre des ann\u00e9es pr\u00e9c\u00e9dentes, ce qui pourrait faire croire \u00e0 une ann\u00e9e 2022 tr\u00e8s occup\u00e9e.<\/p>\n<p>En mati\u00e8re d\u2019achat de rentes, une bonne pr\u00e9paration permet de s\u2019assurer d\u2019obtenir le meilleur prix possible et de profiter d\u2019un processus de transaction transparent. Voici quelques aspects \u00e0 prendre en compte initialement dans le but de faciliter cette pr\u00e9paration.<\/p>\n<ul>\n<li><em><strong>La prochaine \u00e9valuation aura-t-elle lieu au cours des six \u00e0 huit prochains mois?<\/strong> <\/em>Les promoteurs du r\u00e9gime disposent peut-\u00eatre d\u2019une occasion d\u2019\u00e9liminer le passif actuariel, en totalit\u00e9 ou en partie, du bilan du r\u00e9gime avant la production du rapport suivant.<\/li>\n<li><em><strong>Les prestations de retraite sont-elles gel\u00e9es?<\/strong> L\u2019accumulation a-t-elle cess\u00e9 pour les participants actifs?<\/em> L\u2019achat de rentes peut repr\u00e9senter une \u00e9tape d\u00e9terminante dans le processus de r\u00e9duction des risques.<\/li>\n<li><strong><em>Dans quelle province le r\u00e9gime est-il inscrit?<\/em><\/strong> L\u2019acquittement total des droits des participants par l&#8217;achat de rentes repr\u00e9sente maintenant une option pour les promoteurs de r\u00e9gimes dont les participants ont accumul\u00e9 des prestations en Ontario,\u00a0en Colombie-Britannique, au Qu\u00e9bec, en Nouvelle-\u00c9cosse et au Nouveau-Brunswick.<\/li>\n<li><strong><em>Un audit des retrait\u00e9s a-t-il \u00e9t\u00e9 effectu\u00e9 r\u00e9cemment? Le r\u00e9gime compte-t-il des participants avec droits acquis diff\u00e9r\u00e9s qui n\u2019ont pas \u00e9t\u00e9 retrouv\u00e9s?<\/em><\/strong> Un r\u00e9gime peut faire des \u00e9conomies sur les primes en proc\u00e9dant \u00e0 l\u2019\u00e9puration de ses donn\u00e9es et en supprimant certains passifs superflus avant d\u2019acheter des rentes.<\/li>\n<\/ul>\n<p>Compte tenu du fait que le processus de cotation d\u2019achat de rentes peut prendre plusieurs mois, les promoteurs de r\u00e9gimes qui consid\u00e8rent la possibilit\u00e9 de r\u00e9aliser des transactions en\u00a02022 devraient envisager de lancer le processus rapidement afin d\u2019appara\u00eetre dans le radar des assureurs d\u2019ici la fin de l\u2019ann\u00e9e.<\/p>\n<p>Notre indicateur du march\u00e9 pr\u00e9sent\u00e9 \u00e0 la page suivante montre que la p\u00e9riode actuelle pourrait \u00eatre favorable \u00e0 la mise en \u0153uvre de mesures de r\u00e9duction des risques li\u00e9s aux r\u00e9gimes de retraite. Pour en savoir plus sur les mesures de r\u00e9duction des risques li\u00e9s aux r\u00e9gimes de retraite les plus appropri\u00e9es pour votre r\u00e9gime, communiquez avec votre consultant Eckler.<\/p>\n<p>[\/vc_column_text][\/basic_container][basic_container][vc_empty_space height=&#8221;20px&#8221;][\/basic_container][basic_container][vc_column_text css=&#8221;.vc_custom_1656103363183{border-top-width: 5px !important;border-right-width: 5px !important;border-bottom-width: 5px !important;border-left-width: 5px !important;padding-top: 25px !important;padding-right: 25px !important;padding-bottom: 25px !important;padding-left: 25px !important;border-left-color: #063d58 !important;border-left-style: solid !important;border-right-color: #063d58 !important;border-right-style: solid !important;border-top-color: #063d58 !important;border-top-style: solid !important;border-bottom-color: #063d58 !important;border-bottom-style: solid !important;}&#8221;]<\/p>\n<p><img loading=\"lazy\" decoding=\"async\" class=\"aligncenter size-large wp-image-10717\" src=\"https:\/\/www.eckler.ca\/app\/uploads\/2021\/06\/PRT-Indicator-Header-FR-1024x179.png\" alt=\"Image d'en-t\u00eate d\u00e9corative. Logo Eckler \u00e0 gauche des mots : Indicateur du march\u00e9 des rentes TRR - Q2 2022. Les conditions du march\u00e9 sont favorables.\" width=\"1024\" height=\"179\" srcset=\"https:\/\/www.eckler.ca\/app\/uploads\/2021\/06\/PRT-Indicator-Header-FR-1024x179.png 1024w, https:\/\/www.eckler.ca\/app\/uploads\/2021\/06\/PRT-Indicator-Header-FR-300x53.png 300w, https:\/\/www.eckler.ca\/app\/uploads\/2021\/06\/PRT-Indicator-Header-FR-768x134.png 768w, https:\/\/www.eckler.ca\/app\/uploads\/2021\/06\/PRT-Indicator-Header-FR.png 1097w\" sizes=\"auto, (max-width: 1024px) 100vw, 1024px\" \/><br \/>\nLes rendements obligataires \u00e0 long terme ont augment\u00e9 de 5\u00a0points de base en mai et de 124\u00a0points de base depuis le d\u00e9but de l\u2019ann\u00e9e. Des mesures quantitatives de resserrement sont attendues au cours des prochains mois pour ralentir l\u2019inflation, et les rendements plus \u00e9lev\u00e9s devraient offrir une occasion de r\u00e9duction du prix des rentes, comparativement au d\u00e9but de l\u2019ann\u00e9e. En parall\u00e8le, les actifs des portefeuilles diversifi\u00e9s ont enregistr\u00e9 une baisse, avec une r\u00e9duction type de\u00a05 \u00e0 10\u00a0% depuis le d\u00e9but de l\u2019ann\u00e9e.<\/p>\n<p>Les promoteurs de r\u00e9gimes pourraient \u00eatre surpris d\u2019apprendre que la combinaison de ces facteurs a eu pour effet d\u2019engendrer une am\u00e9lioration allant jusqu\u2019\u00e0 10\u00a0% du niveau de capitalisation des r\u00e9gimes de retraite pendant la m\u00eame p\u00e9riode. Comme c\u2019est souvent le cas, de nombreux assureurs ont connu un premier trimestre plut\u00f4t faible, ce qui pourrait les inciter \u00e0 offrir des prix plus attrayants durant les deuxi\u00e8me et troisi\u00e8me trimestres, \u00e0 mesure que les compagnies d\u2019assurances commenceront \u00e0 pr\u00e9senter des soumissions plus concurrentielles, particuli\u00e8rement celles qui ne s\u2019approchent pas encore de leurs objectifs de vente annuels.<\/p>\n<p><img loading=\"lazy\" decoding=\"async\" class=\"size-large wp-image-10711 aligncenter\" src=\"https:\/\/www.eckler.ca\/app\/uploads\/2021\/06\/PRT-Market-Indicator-FR-1024x464.png\" alt=\"\" width=\"1024\" height=\"464\" srcset=\"https:\/\/www.eckler.ca\/app\/uploads\/2021\/06\/PRT-Market-Indicator-FR-1024x464.png 1024w, https:\/\/www.eckler.ca\/app\/uploads\/2021\/06\/PRT-Market-Indicator-FR-300x136.png 300w, https:\/\/www.eckler.ca\/app\/uploads\/2021\/06\/PRT-Market-Indicator-FR-768x348.png 768w, https:\/\/www.eckler.ca\/app\/uploads\/2021\/06\/PRT-Market-Indicator-FR.png 1116w\" sizes=\"auto, (max-width: 1024px) 100vw, 1024px\" \/><strong><span style=\"color: #063d58;\"><br \/>\nN\u2019oubliez pas qu\u2019en mati\u00e8re de transfert des risques li\u00e9s aux r\u00e9gimes de retraite, le choix d\u2019une p\u00e9riode favorable sur le march\u00e9 est important, mais que de nombreux autres facteurs doivent aussi \u00eatre pris en consid\u00e9ration. Il n\u2019est jamais trop t\u00f4t pour amorcer une conversation sur le transfert des risques li\u00e9s aux r\u00e9gimes de retraite avec votre consultant Eckler afin de conna\u00eetre les options qui s\u2019offrent \u00e0 vous!<\/span><\/strong><\/p>\n<p>[\/vc_column_text][vc_column_text]<\/p>\n<blockquote>\n<h4 style=\"text-align: left;\"><\/h4>\n<\/blockquote>\n<p>[\/vc_column_text][\/basic_container][\/vc_column][\/vc_row][vc_row][vc_column][basic_container container_size=&#8221;container container-narrow&#8221;][vc_column_text]<span style=\"font-size: small;\">Cet article a \u00e9t\u00e9 pr\u00e9par\u00e9 \u00e0 des fins d\u2019information g\u00e9n\u00e9rale seulement et ne constitue pas des conseils professionnels. Les donn\u00e9es pr\u00e9sent\u00e9es dans cet article proviennent de tiers (collig\u00e9es surtout aupr\u00e8s des assureurs) et n\u2019ont pas \u00e9t\u00e9 contr\u00f4l\u00e9es, valid\u00e9es ou v\u00e9rifi\u00e9es de mani\u00e8re ind\u00e9pendante par Eckler. Eckler ne fait aucune repr\u00e9sentation ou garantie quant \u00e0 l\u2019exactitude de ces renseignements. Rien dans ce rapport ne doit \u00eatre consid\u00e9r\u00e9 comme un conseil de placement, un conseil juridique ou toute autre forme de conseil professionnel. Eckler ne peut \u00eatre tenue responsable des cons\u00e9quences de l\u2019utilisation des renseignements pr\u00e9sent\u00e9s dans ce rapport, sous quelque forme que ce soit, et n\u2019accepte aucune responsabilit\u00e9 en cas d\u2019erreurs, d\u2019inexactitudes ou d\u2019omissions.\u00a0 <\/span>[\/vc_column_text][\/basic_container][basic_container][\/basic_container][basic_container container_size=&#8221;container container-narrow&#8221; bg_type=&#8221;solid&#8221; bg_color=&#8221;bg-light&#8221;]<div class=\"clearfix global-margin-y\"><\/div><div class=\"clearfix global-margin-y\"><\/div>[\/basic_container][\/vc_column][\/vc_row]<\/p>\n<\/div>","protected":false},"excerpt":{"rendered":"<p>[vc_row][vc_column][basic_container container_size=&#8221;container container-narrow&#8221;][vc_column_text]<\/p>\n<p style=\"text-align: left;\">Perspectives TRR \u2013 Juin 2022<\/p>\n<p>[\/vc_column_text][vc_column_text]<\/p>\n<p> Avec une inflation qui atteint des niveaux jamais franchis depuis\u00a01991, trois\u00a0augmentations successives du taux d\u2019int\u00e9r\u00eat de la Banque du &hellip; [&#8230;]<\/p>\n","protected":false},"author":3,"featured_media":2354,"comment_status":"closed","ping_status":"closed","sticky":false,"template":"","format":"standard","meta":{"_acf_changed":false,"footnotes":""},"categories":[312],"tags":[307,305,306],"class_list":["post-10699","post","type-post","status-publish","format-standard","has-post-thumbnail","hentry","category-perspectives-trr","tag-la-gestion-du-risque","tag-risque-lie-aux-pensions","tag-transfert-des-risques-lies-aux-regimes-de-retraite","service-transfert-des-risques-lies-aux-regimes-de-retraite"],"acf":[],"yoast_head":"<!-- This site is optimized with the Yoast SEO Premium plugin v26.8 (Yoast SEO v26.8) - https:\/\/yoast.com\/product\/yoast-seo-premium-wordpress\/ -->\n<title>R\u00e9duction des risques li\u00e9s aux r\u00e9gimes de retraite dans le march\u00e9 actuel - Eckler<\/title>\n<meta name=\"description\" content=\"Les taux d\u2019int\u00e9r\u00eat \u00e0 court terme ont augment\u00e9 passant de 0,2\u00a0% au d\u00e9but de\u00a02022 \u00e0 1,5\u00a0% en juin. Alors qu\u2019on s\u2019attend \u00e0 d\u2019autres hausses des taux d\u2019int\u00e9r\u00eat, les rendements obligataires \u00e0 long terme, qui \u00e9taient de pr\u00e8s de 1,7\u00a0%, ont atteints environ 3\u00a0% au cours de la m\u00eame p\u00e9riode, soit un niveau sans pr\u00e9c\u00e9dent depuis\u00a02014.\" \/>\n<meta name=\"robots\" content=\"index, follow, max-snippet:-1, max-image-preview:large, max-video-preview:-1\" \/>\n<link rel=\"canonical\" href=\"https:\/\/www.eckler.ca\/fr\/reduction-des-risques-lies-aux-regimes-de-retraite-dans-le-marche-actuel\/\" \/>\n<meta property=\"og:locale\" content=\"fr_FR\" \/>\n<meta property=\"og:type\" content=\"article\" \/>\n<meta property=\"og:title\" content=\"R\u00e9duction des risques li\u00e9s aux r\u00e9gimes de retraite dans le march\u00e9 actuel\" \/>\n<meta property=\"og:description\" content=\"Les taux d\u2019int\u00e9r\u00eat \u00e0 court terme ont augment\u00e9 passant de 0,2\u00a0% au d\u00e9but de\u00a02022 \u00e0 1,5\u00a0% en juin. Alors qu\u2019on s\u2019attend \u00e0 d\u2019autres hausses des taux d\u2019int\u00e9r\u00eat, les rendements obligataires \u00e0 long terme, qui \u00e9taient de pr\u00e8s de 1,7\u00a0%, ont atteints environ 3\u00a0% au cours de la m\u00eame p\u00e9riode, soit un niveau sans pr\u00e9c\u00e9dent depuis\u00a02014.\" \/>\n<meta property=\"og:url\" content=\"https:\/\/www.eckler.ca\/fr\/reduction-des-risques-lies-aux-regimes-de-retraite-dans-le-marche-actuel\/\" \/>\n<meta property=\"og:site_name\" content=\"Eckler\" \/>\n<meta property=\"article:published_time\" content=\"2022-06-28T11:30:51+00:00\" \/>\n<meta property=\"article:modified_time\" content=\"2022-11-23T21:42:05+00:00\" \/>\n<meta property=\"og:image\" content=\"https:\/\/www.eckler.ca\/app\/uploads\/2019\/07\/GettyImages-913603748-1.jpg\" \/>\n\t<meta property=\"og:image:width\" content=\"2121\" \/>\n\t<meta property=\"og:image:height\" content=\"1414\" \/>\n\t<meta property=\"og:image:type\" content=\"image\/jpeg\" \/>\n<meta name=\"author\" content=\"Nancy Lee Martin\" \/>\n<meta name=\"twitter:card\" content=\"summary_large_image\" \/>\n<meta name=\"twitter:label1\" content=\"Written by\" \/>\n\t<meta name=\"twitter:data1\" content=\"Nancy Lee Martin\" \/>\n\t<meta name=\"twitter:label2\" content=\"Est. reading time\" \/>\n\t<meta name=\"twitter:data2\" content=\"7 minutes\" \/>\n<script type=\"application\/ld+json\" class=\"yoast-schema-graph\">{\"@context\":\"https:\/\/schema.org\",\"@graph\":[{\"@type\":\"Article\",\"@id\":\"https:\/\/www.eckler.ca\/fr\/reduction-des-risques-lies-aux-regimes-de-retraite-dans-le-marche-actuel\/#article\",\"isPartOf\":{\"@id\":\"https:\/\/www.eckler.ca\/fr\/reduction-des-risques-lies-aux-regimes-de-retraite-dans-le-marche-actuel\/\"},\"author\":{\"name\":\"Nancy Lee Martin\",\"@id\":\"https:\/\/www.eckler.ca\/#\/schema\/person\/c4263423d670653f62769e3d8a19b9b0\"},\"headline\":\"R\u00e9duction des risques li\u00e9s aux r\u00e9gimes de retraite dans le march\u00e9 actuel\",\"datePublished\":\"2022-06-28T11:30:51+00:00\",\"dateModified\":\"2022-11-23T21:42:05+00:00\",\"mainEntityOfPage\":{\"@id\":\"https:\/\/www.eckler.ca\/fr\/reduction-des-risques-lies-aux-regimes-de-retraite-dans-le-marche-actuel\/\"},\"wordCount\":1609,\"image\":{\"@id\":\"https:\/\/www.eckler.ca\/fr\/reduction-des-risques-lies-aux-regimes-de-retraite-dans-le-marche-actuel\/#primaryimage\"},\"thumbnailUrl\":\"https:\/\/www.eckler.ca\/app\/uploads\/2019\/07\/GettyImages-913603748-1.jpg\",\"keywords\":[\"La gestion du risque\",\"Risque li\u00e9 aux pensions\",\"transfert des risques li\u00e9s aux r\u00e9gimes de retraite\"],\"articleSection\":[\"Perspectives TRR\"],\"inLanguage\":\"fr-FR\"},{\"@type\":\"WebPage\",\"@id\":\"https:\/\/www.eckler.ca\/fr\/reduction-des-risques-lies-aux-regimes-de-retraite-dans-le-marche-actuel\/\",\"url\":\"https:\/\/www.eckler.ca\/fr\/reduction-des-risques-lies-aux-regimes-de-retraite-dans-le-marche-actuel\/\",\"name\":\"R\u00e9duction des risques li\u00e9s aux r\u00e9gimes de retraite dans le march\u00e9 actuel - Eckler\",\"isPartOf\":{\"@id\":\"https:\/\/www.eckler.ca\/#website\"},\"primaryImageOfPage\":{\"@id\":\"https:\/\/www.eckler.ca\/fr\/reduction-des-risques-lies-aux-regimes-de-retraite-dans-le-marche-actuel\/#primaryimage\"},\"image\":{\"@id\":\"https:\/\/www.eckler.ca\/fr\/reduction-des-risques-lies-aux-regimes-de-retraite-dans-le-marche-actuel\/#primaryimage\"},\"thumbnailUrl\":\"https:\/\/www.eckler.ca\/app\/uploads\/2019\/07\/GettyImages-913603748-1.jpg\",\"datePublished\":\"2022-06-28T11:30:51+00:00\",\"dateModified\":\"2022-11-23T21:42:05+00:00\",\"author\":{\"@id\":\"https:\/\/www.eckler.ca\/#\/schema\/person\/c4263423d670653f62769e3d8a19b9b0\"},\"description\":\"Les taux d\u2019int\u00e9r\u00eat \u00e0 court terme ont augment\u00e9 passant de 0,2\u00a0% au d\u00e9but de\u00a02022 \u00e0 1,5\u00a0% en juin. Alors qu\u2019on s\u2019attend \u00e0 d\u2019autres hausses des taux d\u2019int\u00e9r\u00eat, les rendements obligataires \u00e0 long terme, qui \u00e9taient de pr\u00e8s de 1,7\u00a0%, ont atteints environ 3\u00a0% au cours de la m\u00eame p\u00e9riode, soit un niveau sans pr\u00e9c\u00e9dent depuis\u00a02014.\",\"breadcrumb\":{\"@id\":\"https:\/\/www.eckler.ca\/fr\/reduction-des-risques-lies-aux-regimes-de-retraite-dans-le-marche-actuel\/#breadcrumb\"},\"inLanguage\":\"fr-FR\",\"potentialAction\":[{\"@type\":\"ReadAction\",\"target\":[\"https:\/\/www.eckler.ca\/fr\/reduction-des-risques-lies-aux-regimes-de-retraite-dans-le-marche-actuel\/\"]}]},{\"@type\":\"ImageObject\",\"inLanguage\":\"fr-FR\",\"@id\":\"https:\/\/www.eckler.ca\/fr\/reduction-des-risques-lies-aux-regimes-de-retraite-dans-le-marche-actuel\/#primaryimage\",\"url\":\"https:\/\/www.eckler.ca\/app\/uploads\/2019\/07\/GettyImages-913603748-1.jpg\",\"contentUrl\":\"https:\/\/www.eckler.ca\/app\/uploads\/2019\/07\/GettyImages-913603748-1.jpg\",\"width\":2121,\"height\":1414,\"caption\":\"Concept de technologie financi\u00e8re.\"},{\"@type\":\"BreadcrumbList\",\"@id\":\"https:\/\/www.eckler.ca\/fr\/reduction-des-risques-lies-aux-regimes-de-retraite-dans-le-marche-actuel\/#breadcrumb\",\"itemListElement\":[{\"@type\":\"ListItem\",\"position\":1,\"name\":\"Accueil\",\"item\":\"https:\/\/www.eckler.ca\/fr\/\"},{\"@type\":\"ListItem\",\"position\":2,\"name\":\"Blogue\",\"item\":\"https:\/\/www.eckler.ca\/fr\/reduction-des-risques-lies-aux-regimes-de-retraite-dans-le-marche-actuel\/\"},{\"@type\":\"ListItem\",\"position\":3,\"name\":\"R\u00e9duction des risques li\u00e9s aux r\u00e9gimes de retraite dans le march\u00e9 actuel\"}]},{\"@type\":\"WebSite\",\"@id\":\"https:\/\/www.eckler.ca\/#website\",\"url\":\"https:\/\/www.eckler.ca\/\",\"name\":\"Eckler\",\"description\":\"People-Powered Insights\",\"potentialAction\":[{\"@type\":\"SearchAction\",\"target\":{\"@type\":\"EntryPoint\",\"urlTemplate\":\"https:\/\/www.eckler.ca\/?s={search_term_string}\"},\"query-input\":{\"@type\":\"PropertyValueSpecification\",\"valueRequired\":true,\"valueName\":\"search_term_string\"}}],\"inLanguage\":\"fr-FR\"},{\"@type\":\"Person\",\"@id\":\"https:\/\/www.eckler.ca\/#\/schema\/person\/c4263423d670653f62769e3d8a19b9b0\",\"name\":\"Nancy Lee Martin\",\"image\":{\"@type\":\"ImageObject\",\"inLanguage\":\"fr-FR\",\"@id\":\"https:\/\/www.eckler.ca\/#\/schema\/person\/image\/\",\"url\":\"https:\/\/secure.gravatar.com\/avatar\/69c3738de0ffcd52e3e7c97bee31d8bb5df74bf0a3dafa202c297e891122f64a?s=96&d=mm&r=g\",\"contentUrl\":\"https:\/\/secure.gravatar.com\/avatar\/69c3738de0ffcd52e3e7c97bee31d8bb5df74bf0a3dafa202c297e891122f64a?s=96&d=mm&r=g\",\"caption\":\"Nancy Lee Martin\"},\"url\":\"https:\/\/www.eckler.ca\/fr\/author\/nlmartin\/\"}]}<\/script>\n<!-- \/ Yoast SEO Premium plugin. -->","yoast_head_json":{"title":"R\u00e9duction des risques li\u00e9s aux r\u00e9gimes de retraite dans le march\u00e9 actuel - Eckler","description":"Les taux d\u2019int\u00e9r\u00eat \u00e0 court terme ont augment\u00e9 passant de 0,2\u00a0% au d\u00e9but de\u00a02022 \u00e0 1,5\u00a0% en juin. Alors qu\u2019on s\u2019attend \u00e0 d\u2019autres hausses des taux d\u2019int\u00e9r\u00eat, les rendements obligataires \u00e0 long terme, qui \u00e9taient de pr\u00e8s de 1,7\u00a0%, ont atteints environ 3\u00a0% au cours de la m\u00eame p\u00e9riode, soit un niveau sans pr\u00e9c\u00e9dent depuis\u00a02014.","robots":{"index":"index","follow":"follow","max-snippet":"max-snippet:-1","max-image-preview":"max-image-preview:large","max-video-preview":"max-video-preview:-1"},"canonical":"https:\/\/www.eckler.ca\/fr\/reduction-des-risques-lies-aux-regimes-de-retraite-dans-le-marche-actuel\/","og_locale":"fr_FR","og_type":"article","og_title":"R\u00e9duction des risques li\u00e9s aux r\u00e9gimes de retraite dans le march\u00e9 actuel","og_description":"Les taux d\u2019int\u00e9r\u00eat \u00e0 court terme ont augment\u00e9 passant de 0,2\u00a0% au d\u00e9but de\u00a02022 \u00e0 1,5\u00a0% en juin. Alors qu\u2019on s\u2019attend \u00e0 d\u2019autres hausses des taux d\u2019int\u00e9r\u00eat, les rendements obligataires \u00e0 long terme, qui \u00e9taient de pr\u00e8s de 1,7\u00a0%, ont atteints environ 3\u00a0% au cours de la m\u00eame p\u00e9riode, soit un niveau sans pr\u00e9c\u00e9dent depuis\u00a02014.","og_url":"https:\/\/www.eckler.ca\/fr\/reduction-des-risques-lies-aux-regimes-de-retraite-dans-le-marche-actuel\/","og_site_name":"Eckler","article_published_time":"2022-06-28T11:30:51+00:00","article_modified_time":"2022-11-23T21:42:05+00:00","og_image":[{"width":2121,"height":1414,"url":"https:\/\/www.eckler.ca\/app\/uploads\/2019\/07\/GettyImages-913603748-1.jpg","type":"image\/jpeg"}],"author":"Nancy Lee Martin","twitter_card":"summary_large_image","twitter_misc":{"Written by":"Nancy Lee Martin","Est. reading time":"7 minutes"},"schema":{"@context":"https:\/\/schema.org","@graph":[{"@type":"Article","@id":"https:\/\/www.eckler.ca\/fr\/reduction-des-risques-lies-aux-regimes-de-retraite-dans-le-marche-actuel\/#article","isPartOf":{"@id":"https:\/\/www.eckler.ca\/fr\/reduction-des-risques-lies-aux-regimes-de-retraite-dans-le-marche-actuel\/"},"author":{"name":"Nancy Lee Martin","@id":"https:\/\/www.eckler.ca\/#\/schema\/person\/c4263423d670653f62769e3d8a19b9b0"},"headline":"R\u00e9duction des risques li\u00e9s aux r\u00e9gimes de retraite dans le march\u00e9 actuel","datePublished":"2022-06-28T11:30:51+00:00","dateModified":"2022-11-23T21:42:05+00:00","mainEntityOfPage":{"@id":"https:\/\/www.eckler.ca\/fr\/reduction-des-risques-lies-aux-regimes-de-retraite-dans-le-marche-actuel\/"},"wordCount":1609,"image":{"@id":"https:\/\/www.eckler.ca\/fr\/reduction-des-risques-lies-aux-regimes-de-retraite-dans-le-marche-actuel\/#primaryimage"},"thumbnailUrl":"https:\/\/www.eckler.ca\/app\/uploads\/2019\/07\/GettyImages-913603748-1.jpg","keywords":["La gestion du risque","Risque li\u00e9 aux pensions","transfert des risques li\u00e9s aux r\u00e9gimes de retraite"],"articleSection":["Perspectives TRR"],"inLanguage":"fr-FR"},{"@type":"WebPage","@id":"https:\/\/www.eckler.ca\/fr\/reduction-des-risques-lies-aux-regimes-de-retraite-dans-le-marche-actuel\/","url":"https:\/\/www.eckler.ca\/fr\/reduction-des-risques-lies-aux-regimes-de-retraite-dans-le-marche-actuel\/","name":"R\u00e9duction des risques li\u00e9s aux r\u00e9gimes de retraite dans le march\u00e9 actuel - Eckler","isPartOf":{"@id":"https:\/\/www.eckler.ca\/#website"},"primaryImageOfPage":{"@id":"https:\/\/www.eckler.ca\/fr\/reduction-des-risques-lies-aux-regimes-de-retraite-dans-le-marche-actuel\/#primaryimage"},"image":{"@id":"https:\/\/www.eckler.ca\/fr\/reduction-des-risques-lies-aux-regimes-de-retraite-dans-le-marche-actuel\/#primaryimage"},"thumbnailUrl":"https:\/\/www.eckler.ca\/app\/uploads\/2019\/07\/GettyImages-913603748-1.jpg","datePublished":"2022-06-28T11:30:51+00:00","dateModified":"2022-11-23T21:42:05+00:00","author":{"@id":"https:\/\/www.eckler.ca\/#\/schema\/person\/c4263423d670653f62769e3d8a19b9b0"},"description":"Les taux d\u2019int\u00e9r\u00eat \u00e0 court terme ont augment\u00e9 passant de 0,2\u00a0% au d\u00e9but de\u00a02022 \u00e0 1,5\u00a0% en juin. Alors qu\u2019on s\u2019attend \u00e0 d\u2019autres hausses des taux d\u2019int\u00e9r\u00eat, les rendements obligataires \u00e0 long terme, qui \u00e9taient de pr\u00e8s de 1,7\u00a0%, ont atteints environ 3\u00a0% au cours de la m\u00eame p\u00e9riode, soit un niveau sans pr\u00e9c\u00e9dent depuis\u00a02014.","breadcrumb":{"@id":"https:\/\/www.eckler.ca\/fr\/reduction-des-risques-lies-aux-regimes-de-retraite-dans-le-marche-actuel\/#breadcrumb"},"inLanguage":"fr-FR","potentialAction":[{"@type":"ReadAction","target":["https:\/\/www.eckler.ca\/fr\/reduction-des-risques-lies-aux-regimes-de-retraite-dans-le-marche-actuel\/"]}]},{"@type":"ImageObject","inLanguage":"fr-FR","@id":"https:\/\/www.eckler.ca\/fr\/reduction-des-risques-lies-aux-regimes-de-retraite-dans-le-marche-actuel\/#primaryimage","url":"https:\/\/www.eckler.ca\/app\/uploads\/2019\/07\/GettyImages-913603748-1.jpg","contentUrl":"https:\/\/www.eckler.ca\/app\/uploads\/2019\/07\/GettyImages-913603748-1.jpg","width":2121,"height":1414,"caption":"Concept de technologie financi\u00e8re."},{"@type":"BreadcrumbList","@id":"https:\/\/www.eckler.ca\/fr\/reduction-des-risques-lies-aux-regimes-de-retraite-dans-le-marche-actuel\/#breadcrumb","itemListElement":[{"@type":"ListItem","position":1,"name":"Accueil","item":"https:\/\/www.eckler.ca\/fr\/"},{"@type":"ListItem","position":2,"name":"Blogue","item":"https:\/\/www.eckler.ca\/fr\/reduction-des-risques-lies-aux-regimes-de-retraite-dans-le-marche-actuel\/"},{"@type":"ListItem","position":3,"name":"R\u00e9duction des risques li\u00e9s aux r\u00e9gimes de retraite dans le march\u00e9 actuel"}]},{"@type":"WebSite","@id":"https:\/\/www.eckler.ca\/#website","url":"https:\/\/www.eckler.ca\/","name":"Eckler","description":"People-Powered Insights","potentialAction":[{"@type":"SearchAction","target":{"@type":"EntryPoint","urlTemplate":"https:\/\/www.eckler.ca\/?s={search_term_string}"},"query-input":{"@type":"PropertyValueSpecification","valueRequired":true,"valueName":"search_term_string"}}],"inLanguage":"fr-FR"},{"@type":"Person","@id":"https:\/\/www.eckler.ca\/#\/schema\/person\/c4263423d670653f62769e3d8a19b9b0","name":"Nancy Lee Martin","image":{"@type":"ImageObject","inLanguage":"fr-FR","@id":"https:\/\/www.eckler.ca\/#\/schema\/person\/image\/","url":"https:\/\/secure.gravatar.com\/avatar\/69c3738de0ffcd52e3e7c97bee31d8bb5df74bf0a3dafa202c297e891122f64a?s=96&d=mm&r=g","contentUrl":"https:\/\/secure.gravatar.com\/avatar\/69c3738de0ffcd52e3e7c97bee31d8bb5df74bf0a3dafa202c297e891122f64a?s=96&d=mm&r=g","caption":"Nancy Lee Martin"},"url":"https:\/\/www.eckler.ca\/fr\/author\/nlmartin\/"}]}},"_links":{"self":[{"href":"https:\/\/www.eckler.ca\/fr\/wp-json\/wp\/v2\/posts\/10699","targetHints":{"allow":["GET"]}}],"collection":[{"href":"https:\/\/www.eckler.ca\/fr\/wp-json\/wp\/v2\/posts"}],"about":[{"href":"https:\/\/www.eckler.ca\/fr\/wp-json\/wp\/v2\/types\/post"}],"author":[{"embeddable":true,"href":"https:\/\/www.eckler.ca\/fr\/wp-json\/wp\/v2\/users\/3"}],"replies":[{"embeddable":true,"href":"https:\/\/www.eckler.ca\/fr\/wp-json\/wp\/v2\/comments?post=10699"}],"version-history":[{"count":14,"href":"https:\/\/www.eckler.ca\/fr\/wp-json\/wp\/v2\/posts\/10699\/revisions"}],"predecessor-version":[{"id":10749,"href":"https:\/\/www.eckler.ca\/fr\/wp-json\/wp\/v2\/posts\/10699\/revisions\/10749"}],"wp:featuredmedia":[{"embeddable":true,"href":"https:\/\/www.eckler.ca\/fr\/wp-json\/wp\/v2\/media\/2354"}],"wp:attachment":[{"href":"https:\/\/www.eckler.ca\/fr\/wp-json\/wp\/v2\/media?parent=10699"}],"wp:term":[{"taxonomy":"category","embeddable":true,"href":"https:\/\/www.eckler.ca\/fr\/wp-json\/wp\/v2\/categories?post=10699"},{"taxonomy":"post_tag","embeddable":true,"href":"https:\/\/www.eckler.ca\/fr\/wp-json\/wp\/v2\/tags?post=10699"}],"curies":[{"name":"wp","href":"https:\/\/api.w.org\/{rel}","templated":true}]}}